{"id":26559,"date":"2012-01-25T16:41:49","date_gmt":"2012-01-25T16:41:49","guid":{"rendered":"https:\/\/obscom.intervozes.org.br\/wordpress\/?p=26559"},"modified":"2012-01-25T16:41:49","modified_gmt":"2012-01-25T16:41:49","slug":"seac-must-carry-interatividade-e-multiprogramacao-sao-preocupacoes-dos-canais-publicos","status":"publish","type":"post","link":"https:\/\/obscom.intervozes.org.br\/?p=26559","title":{"rendered":"SeAC: must carry, interatividade e multiprograma\u00e7\u00e3o s\u00e3o preocupa\u00e7\u00f5es dos canais p\u00fablicos"},"content":{"rendered":"<p><span class=\"padrao\">O carregamento dos canais obrigat&oacute;rios pelas operadoras do Servi&ccedil;o de Acesso Condicionado (SeAC) &eacute; a principal preocupa&ccedil;&atilde;o dos representantes das TVs do campo p&uacute;blico, externada nesta ter&ccedil;a-feira (24), durante a audi&ecirc;ncia p&uacute;blica na Anatel sobre a proposta de regulamento do novo servi&ccedil;o. O representante da Empresa Brasil de Comunica&ccedil;&atilde;o (EBC), Eduardo castro, chegou a propor a elabora&ccedil;&atilde;o pela ag&ecirc;ncia de um regulamento espec&iacute;fico para o must carry.<\/p>\n<p>Isso porque a proposta do regulamento prev&ecirc; o carregamento obrigat&oacute;rio de 10 canais p&uacute;blicos e mais as geradoras de TV aberta nas regi&otilde;es de abrang&ecirc;ncia, mas admite dispensa da obriga&ccedil;&atilde;o, caso seja justiticada tecnicamente. O receio dos dirigentes dos canais p&uacute;blicos &eacute; com a politiza&ccedil;&atilde;o dessa decis&atilde;o.<\/p>\n<p>O superintendente de Servi&ccedil;os de Comunica&ccedil;&atilde;o de Massa da Anatel, Marcone Thomaz Maya, disse que gostaria que o regulamento em consulta p&uacute;blica fosse suficiente para resolver a quest&atilde;o dos canais obrigat&oacute;rios e prometeu mais rigor no julgamento dos pedidos de suspens&atilde;o do carregamento. &ldquo;N&oacute;s podemos atrelar essa decis&atilde;o a uma consulta p&uacute;blica&rdquo;, sugeriu.<\/p>\n<p>O representante da Associa&ccedil;&atilde;o Brasileira das TVs Universit&aacute;rias (ABTU), Cl&aacute;udio Magalh&atilde;es, reivindicou que a Anatel ao menos estabele&ccedil;a crit&eacute;rios claros para dispensa do carregamento dos canais obrigat&oacute;rios. Ele gostou da id&eacute;ia de que a discuss&atilde;o dos pedidos seja p&uacute;blica, como sugeriu Maya.<\/p>\n<p><strong>Interatividade<\/strong><\/p>\n<p>Outras preocupa&ccedil;&otilde;es dos canais p&uacute;blicos &eacute; com a possibilidade de fazer multiprograma&ccedil;&atilde;o e interatividade no SeAC. Essas facilidades promovidas pelo sistema de TV digital correm o risco de se perderam no novo servi&ccedil;o de TV paga.<\/p>\n<p>Maya admtiu que a transposi&ccedil;&atilde;o de uma plataforma para outra ainda n&atilde;o &eacute; harm&ocirc;nica. &ldquo;Isso &eacute; uma quest&atilde;o que precisa ser respondida, at&eacute; porque o poder p&uacute;blico est&aacute; dando essa condi&ccedil;&atilde;o&rdquo;, reconhece. Ele disse que a solu&ccedil;&atilde;o para a quest&atilde;o depende da engenharia. &ldquo;A Anatel vai garantir a infraestrutura para transmiss&atilde;o da programa&ccedil;&atilde;o&rdquo;, concluiu.<\/p>\n<p>A consulta p&uacute;blica sobre a proposta de regulamento do SeAC receber&aacute; contribui&ccedil;&otilde;es at&eacute; o dia 2 de fevereiro.<\/span><\/p>\n","protected":false},"excerpt":{"rendered":"<p>O carregamento dos canais obrigat&oacute;rios pelas operadoras do Servi&ccedil;o de Acesso Condicionado (SeAC) &eacute; a principal preocupa&ccedil;&atilde;o dos representantes das TVs do campo p&uacute;blico, externada nesta ter&ccedil;a-feira (24), durante a audi&ecirc;ncia p&uacute;blica na Anatel sobre a proposta de regulamento do novo servi&ccedil;o. O representante da Empresa Brasil de Comunica&ccedil;&atilde;o (EBC), Eduardo castro, chegou a propor &hellip; <a href=\"https:\/\/obscom.intervozes.org.br\/?p=26559\" class=\"more-link\">Continue lendo <span class=\"screen-reader-text\">SeAC: must carry, interatividade e multiprograma\u00e7\u00e3o s\u00e3o preocupa\u00e7\u00f5es dos canais p\u00fablicos<\/span> <span class=\"meta-nav\">&rarr;<\/span><\/a><\/p>\n","protected":false},"author":1,"featured_media":0,"comment_status":"open","ping_status":"open","sticky":false,"template":"","format":"standard","meta":{"footnotes":""},"categories":[40],"tags":[1641],"_links":{"self":[{"href":"https:\/\/obscom.intervozes.org.br\/index.php?rest_route=\/wp\/v2\/posts\/26559"}],"collection":[{"href":"https:\/\/obscom.intervozes.org.br\/index.php?rest_route=\/wp\/v2\/posts"}],"about":[{"href":"https:\/\/obscom.intervozes.org.br\/index.php?rest_route=\/wp\/v2\/types\/post"}],"author":[{"embeddable":true,"href":"https:\/\/obscom.intervozes.org.br\/index.php?rest_route=\/wp\/v2\/users\/1"}],"replies":[{"embeddable":true,"href":"https:\/\/obscom.intervozes.org.br\/index.php?rest_route=%2Fwp%2Fv2%2Fcomments&post=26559"}],"version-history":[{"count":0,"href":"https:\/\/obscom.intervozes.org.br\/index.php?rest_route=\/wp\/v2\/posts\/26559\/revisions"}],"wp:attachment":[{"href":"https:\/\/obscom.intervozes.org.br\/index.php?rest_route=%2Fwp%2Fv2%2Fmedia&parent=26559"}],"wp:term":[{"taxonomy":"category","embeddable":true,"href":"https:\/\/obscom.intervozes.org.br\/index.php?rest_route=%2Fwp%2Fv2%2Fcategories&post=26559"},{"taxonomy":"post_tag","embeddable":true,"href":"https:\/\/obscom.intervozes.org.br\/index.php?rest_route=%2Fwp%2Fv2%2Ftags&post=26559"}],"curies":[{"name":"wp","href":"https:\/\/api.w.org\/{rel}","templated":true}]}}