{"id":26551,"date":"2012-01-24T16:47:15","date_gmt":"2012-01-24T16:47:15","guid":{"rendered":"https:\/\/obscom.intervozes.org.br\/wordpress\/?p=26551"},"modified":"2012-01-24T16:47:15","modified_gmt":"2012-01-24T16:47:15","slug":"em-resposta-a-justica-proteste-diz-que-ato-da-anatel-e-ilegal","status":"publish","type":"post","link":"https:\/\/obscom.intervozes.org.br\/?p=26551","title":{"rendered":"Em resposta \u00e0 Justi\u00e7a, ProTeste diz que ato da Anatel \u00e9 ilegal"},"content":{"rendered":"<p><span class=\"padrao\">Em novo round da disputa sobre os bens revers&iacute;veis que a ProTeste trava com a Anatel na Justi&ccedil;a, a associa&ccedil;&atilde;o que defende os direitos do consumidor argumenta que a ag&ecirc;ncia adotou um subterf&uacute;gio ilegal para flexibilizar as regras para aliena&ccedil;&atilde;o de bens. Trata-se da Portaria 1263 de 29 de novembro de 2010, que delega ao superintendente de servi&ccedil;os p&uacute;blicos compet&ecirc;ncia para aprovar as aliena&ccedil;&otilde;es, substitui&ccedil;&otilde;es e onera&ccedil;&otilde;es de bens revers&iacute;veis.<\/p>\n<p>De acordo com a advogada da ProTeste, Fl&aacute;via Lef&egrave;vre Guimar&atilde;es, o disposto na Portaria est&aacute; previsto na atualiza&ccedil;&atilde;o do regulamento de bens revers&iacute;veis que a Anatel colocou em consulta p&uacute;blica em 2010. Por isso, ao colocar as regras ( ou pelo menos parte delas) em vigor por meio da Portaria, a Anatel comete um ato ilegal. &quot;Toda vez que a Anatel quiser adotar qualquer ato de natureza normativa ele tem que ser submetido &agrave; consulta p&uacute;blica. Se isso (o conte&uacute;do da portaria) est&aacute; na consulta p&uacute;blica eles n&atilde;o podem adiantar isso. Trata-se de um v&iacute;cio s&eacute;rio do ato admistrativo&quot;, afirma ela.<\/p>\n<p>A a&ccedil;&atilde;o impetrada pela ProTeste pede que a Anatel apresente um invent&aacute;rio com os bens revers&iacute;veis de cada uma das concession&aacute;rias do STFC e pede ainda que seja declarado inconstituicional o novo regulamento de bens revers&iacute;veis que a ag&ecirc;ncia pretende aprovar. Pelas regras propostas em consulta p&uacute;blica, as concession&aacute;rias poderiam alienar sem a anu&ecirc;ncia pr&eacute;via da Anatel bens de at&eacute; R$ 1 bilh&atilde;o. A ProTeste sustenta, contudo, que a LGT &eacute; clara ao determinar que toda e qualquer aliena&ccedil;&atilde;o de bens revers&iacute;veis deve ter o aval do &oacute;rg&atilde;o regulador.<\/p>\n<p><strong>Sem controle<br \/><\/strong><br \/>Fl&aacute;via diz ter encontrado movimenta&ccedil;&otilde;es &quot;obscuras&quot; em rela&ccedil;&atilde;o &agrave; cadeia societ&aacute;ria das concession&aacute;rias, o que, na vis&atilde;o dela, dificulta o acompanhamento eficiente dos bens revers&iacute;veis. Em primeiro lugar, os contratos de concess&atilde;o foram assinados com empresas distintas daquelas que foram privatizadas. Isso aconteceu porque, na &eacute;poca, na cis&atilde;o da Telebr&aacute;s, foram criada empresas (as Participa&ccedil;&otilde;es SA) para controlarem as concession&aacute;rias. Posteriormente a concession&aacute;ria foi incorporada pela controladora &ndash; a Participa&ccedil;&otilde;es SA -, o que na vis&atilde;o da ProTeste contribuiu para que a Anatel tenha perdido o controle dos bens vinculados &agrave; concess&atilde;o.<\/p>\n<p>A Proteste tamb&eacute;m chama a aten&ccedil;&atilde;o para o fato de haver numerosos im&oacute;veis registrados no CNPJ da empresa que, pela incorpora&ccedil;&atilde;o, foi extinta de acordo com a Lei das S\/A. N&atilde;o se saberia, segundo a advogada, se as atuais concession&aacute;rias incorporadoras estariam contabilizando esses im&oacute;veis nos seus balan&ccedil;os e nas bases de c&aacute;lculo para o imposto de renda. Al&eacute;m disso, a associa&ccedil;&atilde;o questiona como se poder&aacute; distinguir os bens vinculados &agrave; concess&atilde;o dos demais e como reverter ao final da concess&atilde;o im&oacute;veis que n&atilde;o est&atilde;o registrados em nome das atuais concession&aacute;rias. &quot;Como fica o controle do bem que est&aacute; registrado em nome de uma empresa que n&atilde;o existe mais?&quot;, questiona a advogada. Confira a r&eacute;plica da ProTeste na home page do TELETIME.<\/span><\/p>\n","protected":false},"excerpt":{"rendered":"<p>Em novo round da disputa sobre os bens revers&iacute;veis que a ProTeste trava com a Anatel na Justi&ccedil;a, a associa&ccedil;&atilde;o que defende os direitos do consumidor argumenta que a ag&ecirc;ncia adotou um subterf&uacute;gio ilegal para flexibilizar as regras para aliena&ccedil;&atilde;o de bens. Trata-se da Portaria 1263 de 29 de novembro de 2010, que delega ao &hellip; <a href=\"https:\/\/obscom.intervozes.org.br\/?p=26551\" class=\"more-link\">Continue lendo <span class=\"screen-reader-text\">Em resposta \u00e0 Justi\u00e7a, ProTeste diz que ato da Anatel \u00e9 ilegal<\/span> <span class=\"meta-nav\">&rarr;<\/span><\/a><\/p>\n","protected":false},"author":1,"featured_media":0,"comment_status":"open","ping_status":"open","sticky":false,"template":"","format":"standard","meta":{"footnotes":""},"categories":[40],"tags":[1636],"_links":{"self":[{"href":"https:\/\/obscom.intervozes.org.br\/index.php?rest_route=\/wp\/v2\/posts\/26551"}],"collection":[{"href":"https:\/\/obscom.intervozes.org.br\/index.php?rest_route=\/wp\/v2\/posts"}],"about":[{"href":"https:\/\/obscom.intervozes.org.br\/index.php?rest_route=\/wp\/v2\/types\/post"}],"author":[{"embeddable":true,"href":"https:\/\/obscom.intervozes.org.br\/index.php?rest_route=\/wp\/v2\/users\/1"}],"replies":[{"embeddable":true,"href":"https:\/\/obscom.intervozes.org.br\/index.php?rest_route=%2Fwp%2Fv2%2Fcomments&post=26551"}],"version-history":[{"count":0,"href":"https:\/\/obscom.intervozes.org.br\/index.php?rest_route=\/wp\/v2\/posts\/26551\/revisions"}],"wp:attachment":[{"href":"https:\/\/obscom.intervozes.org.br\/index.php?rest_route=%2Fwp%2Fv2%2Fmedia&parent=26551"}],"wp:term":[{"taxonomy":"category","embeddable":true,"href":"https:\/\/obscom.intervozes.org.br\/index.php?rest_route=%2Fwp%2Fv2%2Fcategories&post=26551"},{"taxonomy":"post_tag","embeddable":true,"href":"https:\/\/obscom.intervozes.org.br\/index.php?rest_route=%2Fwp%2Fv2%2Ftags&post=26551"}],"curies":[{"name":"wp","href":"https:\/\/api.w.org\/{rel}","templated":true}]}}