{"id":26549,"date":"2012-01-23T17:20:07","date_gmt":"2012-01-23T17:20:07","guid":{"rendered":"https:\/\/obscom.intervozes.org.br\/wordpress\/?p=26549"},"modified":"2012-01-23T17:20:07","modified_gmt":"2012-01-23T17:20:07","slug":"forum-de-midia-livre-pauta-a-comunicacao-independente","status":"publish","type":"post","link":"https:\/\/obscom.intervozes.org.br\/?p=26549","title":{"rendered":"F\u00f3rum de M\u00eddia Livre pauta a comunica\u00e7\u00e3o independente"},"content":{"rendered":"<p><span class=\"padrao\">A constru&ccedil;&atilde;o de pol&iacute;ticas p&uacute;blicas para m&iacute;dias livres, a busca de uma rede social livre e o debate sobre as revolu&ccedil;&otilde;es &aacute;rabes ser&atilde;o temas do III F&oacute;rum de M&iacute;dia Livre (FML). O evento acontece em Porto Alegre nos dias 27 e 28 de janeiro, durante o F&oacute;rum Social Tem&aacute;tico, e traz tamb&eacute;m discuss&atilde;o sobre o software livre, apropria&ccedil;&atilde;o tecnol&oacute;gica e a regula&ccedil;&atilde;o da m&iacute;dia.<br \/>&nbsp;<br \/>&ldquo;O evento ser&aacute; um importante espa&ccedil;o para debater pol&iacute;ticas de comunica&ccedil;&atilde;o para ve&iacute;culos alternativos, nesse se inserem rede de blogs, r&aacute;dios comunit&aacute;rias e plataformas de software livre, objetivando sempre pol&iacute;ticas que assegurem o acesso, apropria&ccedil;&atilde;o tecnol&oacute;gica e direito humano e universal&rdquo;, afirma Rita Freire, da Ciranda Internacional da Comunica&ccedil;&atilde;o Compartilhada.<\/p>\n<p>Organizado por entidades da sociedade civil e ve&iacute;culos alternativos, a terceira edi&ccedil;&atilde;o do evento servir&aacute; como preparat&oacute;ria para a sua vers&atilde;o internacional, o II F&oacute;rum Mundial de M&iacute;dias Livres (FMML), que ocorrer&aacute; em julho durante a C&uacute;pula dos Povos na Confer&ecirc;ncia das Na&ccedil;&otilde;es Unidas sobre Desenvolvimento sustent&aacute;vel (RIO+20).&nbsp; &nbsp;<\/p>\n<p>A grande novidade da terceira edi&ccedil;&atilde;o do FML &eacute; o debate sobre a m&iacute;dia e as revolu&ccedil;&otilde;es &aacute;rabes, contado com a presen&ccedil;a de entidades internacionais como Ejoussour, organiza&ccedil;&atilde;o civil do Marrocos que luta pela constru&ccedil;&atilde;o da democracia na regi&atilde;o, e por iniciativas de m&iacute;dia da Palestina. &ldquo;O painel busca promover o interc&acirc;mbio e fortalecimento da discuss&atilde;o sobre m&iacute;dia livre. Como a discuss&atilde;o l&aacute; fora est&aacute; muito forte, devido ao contexto pol&iacute;tico desses povos e o processo de constru&ccedil;&atilde;o da democracia, achamos importante a cria&ccedil;&atilde;o desse painel &rdquo;, aponta Bia Barbosa, integrante do Intervozes. <\/p>\n<p><strong>Redes sociais livres<\/strong><\/p>\n<p>Nas discuss&otilde;es sobre apropria&ccedil;&atilde;o tecnol&oacute;gica estar&aacute; proposta a constru&ccedil;&atilde;o de uma grande rede social baseadas em software livre para os movimentos sociais. A ideia &eacute; criar uma rede aut&ocirc;noma que facilite a organiza&ccedil;&atilde;o dos militantes. &ldquo;As redes&nbsp; mais utilizadas est&atilde;o atreladas a empresas privadas, assim os movimentos sociais ficam &agrave; merc&ecirc; dos interesses mercadol&oacute;gicos, pois as empresas podem retirar p&aacute;ginas coletivas do ar, por diverg&ecirc;ncias ideol&oacute;gicas ou qualquer outro motivo&rdquo;, afirma Bia.<\/p>\n<p><strong>O FML <\/strong><\/p>\n<p>O F&oacute;rum nasceu para como espa&ccedil;o de articula&ccedil;&atilde;o de iniciativas de m&iacute;dia livre e debate sobre o direito &agrave; comunica&ccedil;&atilde;o. A primeira edi&ccedil;&atilde;o do F&oacute;rum aconteceu no Rio de Janeiro, em 2008. O evento foi um dos articuladores do primeiro F&oacute;rum Mundial de M&iacute;dia Livre (FMML), ocorrido no Par&aacute;, antes do in&iacute;cio do F&oacute;rum Social Mundial em Bel&eacute;m. J&aacute; a segunda edi&ccedil;&atilde;o nacional do FML ocorreu em Vit&oacute;ria (ES), em 2009. <\/p>\n<p><strong>Conex&otilde;es Globais<\/strong><\/p>\n<p>Concomitantemente ao FML, dividindo o espa&ccedil;o f&iacute;sico e com uma proposta mais interativa, acontecer&aacute; o Conex&otilde;es Globais, evento que procura promover o di&aacute;logo sobre as formas de ativismo social na era da internet.<\/p>\n<p>O Conex&otilde;es contar&aacute; com oficinas, webconfer&ecirc;ncias, shows de m&uacute;sica, lan&ccedil;amento de livros e atra&ccedil;&otilde;es art&iacute;sticas, atividades que ter&atilde;o em comum o apoio a cultura digital. Temas como direitos humanos e civis na internet e direito autoral estar&atilde;o em discuss&atilde;o. &ldquo;O evento &eacute; uma celebra&ccedil;&atilde;o a cultura digital e hacker, aos ativistas e protagonistas das novas formas de mobiliza&ccedil;&atilde;o&rdquo;, afirma Marcelo Branco, organizador das atividades. <\/p>\n<p>O interc&acirc;mbio com os movimentos que tiveram destaque em 2011 ocorrer&aacute; por meio de webconfer&ecirc;ncia com ativistas da Espanha, Chile, pa&iacute;ses ar&aacute;bes, entre outros. &ldquo;Teremos tamb&eacute;m uma webconfer&ecirc;ncia com um ativista de T&oacute;quio, onde ele debater&aacute; o acesso &agrave; informa&ccedil;&atilde;o no vazamento de Fukushima. O Governo e a grande m&iacute;dia ofuscavam os acontecimentos, mas as m&iacute;dias sociais tiveram um papel fundamental de denunciar a gravidade do problema&rdquo;, aponta Branco.<\/p>\n<p>Confira a programa&ccedil;&atilde;o do III F&oacute;rum de M&iacute;dia Livre no site&nbsp; <a href=\"http:\/\/www.forumdemidialivre.org\">http:\/\/www.forumdemidialivre.org<\/a>  e a programa&ccedil;&atilde;o do Conex&otilde;es Globais no site <a href=\"http:\/\/conexoesglobais.com.br\" target=\"_blank\">http:\/\/conexoesglobais.com.br<\/a>  .<\/span><\/p>\n","protected":false},"excerpt":{"rendered":"<p><span class=\"padrao\">Nos dias 27 e 28 de janeiro, durante o F&oacute;rum Social Tem&aacute;tico de Porto Alegre, ocorerr&aacute; a terceira edi&ccedil;&atilde;o do F&oacute;rum de M&iacute;dia Livre. O evento discutir&aacute; pol&iacute;ticas p&uacute;blicas, tecnologica e o ativismo na internet<\/span><\/p>\n","protected":false},"author":1,"featured_media":0,"comment_status":"open","ping_status":"open","sticky":false,"template":"","format":"standard","meta":{"footnotes":""},"categories":[40],"tags":[1635],"_links":{"self":[{"href":"https:\/\/obscom.intervozes.org.br\/index.php?rest_route=\/wp\/v2\/posts\/26549"}],"collection":[{"href":"https:\/\/obscom.intervozes.org.br\/index.php?rest_route=\/wp\/v2\/posts"}],"about":[{"href":"https:\/\/obscom.intervozes.org.br\/index.php?rest_route=\/wp\/v2\/types\/post"}],"author":[{"embeddable":true,"href":"https:\/\/obscom.intervozes.org.br\/index.php?rest_route=\/wp\/v2\/users\/1"}],"replies":[{"embeddable":true,"href":"https:\/\/obscom.intervozes.org.br\/index.php?rest_route=%2Fwp%2Fv2%2Fcomments&post=26549"}],"version-history":[{"count":0,"href":"https:\/\/obscom.intervozes.org.br\/index.php?rest_route=\/wp\/v2\/posts\/26549\/revisions"}],"wp:attachment":[{"href":"https:\/\/obscom.intervozes.org.br\/index.php?rest_route=%2Fwp%2Fv2%2Fmedia&parent=26549"}],"wp:term":[{"taxonomy":"category","embeddable":true,"href":"https:\/\/obscom.intervozes.org.br\/index.php?rest_route=%2Fwp%2Fv2%2Fcategories&post=26549"},{"taxonomy":"post_tag","embeddable":true,"href":"https:\/\/obscom.intervozes.org.br\/index.php?rest_route=%2Fwp%2Fv2%2Ftags&post=26549"}],"curies":[{"name":"wp","href":"https:\/\/api.w.org\/{rel}","templated":true}]}}