{"id":26521,"date":"2012-01-17T19:16:27","date_gmt":"2012-01-17T19:16:27","guid":{"rendered":"https:\/\/obscom.intervozes.org.br\/wordpress\/?p=26521"},"modified":"2012-01-17T19:16:27","modified_gmt":"2012-01-17T19:16:27","slug":"decreto-torna-mais-rigidas-as-regras-para-concessao-de-radio-e-tv","status":"publish","type":"post","link":"https:\/\/obscom.intervozes.org.br\/?p=26521","title":{"rendered":"Decreto torna mais r\u00edgidas as regras para concess\u00e3o de r\u00e1dio e TV"},"content":{"rendered":"<p><span class=\"padrao\">&nbsp;Minist&eacute;rio das Comunica&ccedil;&otilde;es vai adotar novas regras para a concess&atilde;o de r&aacute;dios e televis&otilde;es comerciais no Pa&iacute;s. As mudan&ccedil;as ser&atilde;o estabelecidas em decreto, que deve ser publicado nesta semana pela presidenta Dilma Rousseff. O objetivo &eacute; fixar mecanismos mais rigorosos e seguros para as licita&ccedil;&otilde;es de radiodifus&atilde;o. O ministro Paulo Bernardo e a presidenta Dilma Rousseff se re&uacute;nem nesta segunda, 16, para tratar do assunto.<\/p>\n<p>De acordo com comunicado do Minicom, uma das mudan&ccedil;as mais importantes &eacute; a que exige do interessado em obter a concess&atilde;o de uma emissora comercial que ele comprove capacidade financeira e t&eacute;cnica para executar projeto. Para isso, os participantes da licita&ccedil;&atilde;o dever&atilde;o enviar pareceres de dois auditores independentes demonstrando a capacidade econ&ocirc;mica da empresa, bem como projeto de investimento demonstrando a origem dos recursos a serem aplicados. Tamb&eacute;m dever&atilde;o apresentar balan&ccedil;o patrimonial e demonstra&ccedil;&otilde;es cont&aacute;beis, al&eacute;m de documentos referentes &agrave; comprova&ccedil;&atilde;o de idoneidade da entidade e dos seus s&oacute;cios. A medida visa coibir o uso de &quot;laranjas&quot; nessas licita&ccedil;&otilde;es.<\/p>\n<p>Outra medida prevista no decreto determina que a outorga da emissora de r&aacute;dio ou TV dever&aacute; ser paga &agrave; vista. Atualmente, o pagamento pode ser dividido em duas vezes. Se a entidade n&atilde;o realizar o pagamento, ser&aacute; desclassificada e ser&aacute; convocado o segundo colocado. Em caso de n&atilde;o aprova&ccedil;&atilde;o da outorga pelo Congresso Nacional, o valor ser&aacute; devolvido, com corre&ccedil;&atilde;o pela taxa Selic.<\/p>\n<p>O Minist&eacute;rio das Comunica&ccedil;&otilde;es vai tamb&eacute;m estabelecer, no edital de abertura da licita&ccedil;&atilde;o, o valor da cau&ccedil;&atilde;o que os interessados ter&atilde;o de pagar para participar da sele&ccedil;&atilde;o. Hoje a cau&ccedil;&atilde;o &eacute; de 1% do valor da outorga, mas agora esse porcentual vai mudar de acordo com cada edital.<\/p>\n<p>Os crit&eacute;rios para avalia&ccedil;&atilde;o das propostas para defini&ccedil;&atilde;o do vencedor de cada licita&ccedil;&atilde;o tamb&eacute;m devem mudar. Eles passam a incluir, al&eacute;m do tempo destinado a programas jornal&iacute;sticos, educativos, culturais e informativos, o tempo de programas produzidos no munic&iacute;pio de outorga (produ&ccedil;&atilde;o local) e programas produzidos por empresas que n&atilde;o mantenham v&iacute;nculo com empresas ou entidades executoras de servi&ccedil;os de radiodifus&atilde;o (produ&ccedil;&atilde;o independente). Ou seja, segue uma diretriz do Artigo 221 da Constitui&ccedil;&atilde;o Federal de valoriza&ccedil;&atilde;o da produ&ccedil;&atilde;o local e independente, com o objetivo de ampliar a gera&ccedil;&atilde;o de empregos e fomentar um mercado produtor nas cidades sede das novas outorgas.<\/p>\n<p><strong>Novas concess&otilde;es<\/strong><\/p>\n<p>De acordo com a nota do Minicom, ap&oacute;s a edi&ccedil;&atilde;o do decreto, os leil&otilde;es de concess&atilde;o de emissoras comerciais ser&atilde;o retomados. O minist&eacute;rio vai elaborar um plano nacional de outorgas para radiodifus&atilde;o comercial, que cont&eacute;m um calend&aacute;rio de lan&ccedil;amento dos editais de licita&ccedil;&atilde;o. O plano deste ano deve sair at&eacute; mar&ccedil;o. O objetivo &eacute; dar tempo para que os empres&aacute;rios se planejem com anteced&ecirc;ncia para participar da sele&ccedil;&atilde;o.<\/p>\n<p>Pelo novo regulamento de radiodifus&atilde;o, o ministro das Comunica&ccedil;&otilde;es ser&aacute; a autoridade respons&aacute;vel pela emiss&atilde;o do ato de outorga das emissoras de r&aacute;dio. J&aacute; as concess&otilde;es de TV continuar&atilde;o sob responsabilidade da presidenta da Rep&uacute;blica.<\/span><\/p>\n","protected":false},"excerpt":{"rendered":"<p>&nbsp;Minist&eacute;rio das Comunica&ccedil;&otilde;es vai adotar novas regras para a concess&atilde;o de r&aacute;dios e televis&otilde;es comerciais no Pa&iacute;s. As mudan&ccedil;as ser&atilde;o estabelecidas em decreto, que deve ser publicado nesta semana pela presidenta Dilma Rousseff. O objetivo &eacute; fixar mecanismos mais rigorosos e seguros para as licita&ccedil;&otilde;es de radiodifus&atilde;o. O ministro Paulo Bernardo e a presidenta Dilma &hellip; <a href=\"https:\/\/obscom.intervozes.org.br\/?p=26521\" class=\"more-link\">Continue lendo <span class=\"screen-reader-text\">Decreto torna mais r\u00edgidas as regras para concess\u00e3o de r\u00e1dio e TV<\/span> <span class=\"meta-nav\">&rarr;<\/span><\/a><\/p>\n","protected":false},"author":1,"featured_media":0,"comment_status":"open","ping_status":"open","sticky":false,"template":"","format":"standard","meta":{"footnotes":""},"categories":[40],"tags":[366],"_links":{"self":[{"href":"https:\/\/obscom.intervozes.org.br\/index.php?rest_route=\/wp\/v2\/posts\/26521"}],"collection":[{"href":"https:\/\/obscom.intervozes.org.br\/index.php?rest_route=\/wp\/v2\/posts"}],"about":[{"href":"https:\/\/obscom.intervozes.org.br\/index.php?rest_route=\/wp\/v2\/types\/post"}],"author":[{"embeddable":true,"href":"https:\/\/obscom.intervozes.org.br\/index.php?rest_route=\/wp\/v2\/users\/1"}],"replies":[{"embeddable":true,"href":"https:\/\/obscom.intervozes.org.br\/index.php?rest_route=%2Fwp%2Fv2%2Fcomments&post=26521"}],"version-history":[{"count":0,"href":"https:\/\/obscom.intervozes.org.br\/index.php?rest_route=\/wp\/v2\/posts\/26521\/revisions"}],"wp:attachment":[{"href":"https:\/\/obscom.intervozes.org.br\/index.php?rest_route=%2Fwp%2Fv2%2Fmedia&parent=26521"}],"wp:term":[{"taxonomy":"category","embeddable":true,"href":"https:\/\/obscom.intervozes.org.br\/index.php?rest_route=%2Fwp%2Fv2%2Fcategories&post=26521"},{"taxonomy":"post_tag","embeddable":true,"href":"https:\/\/obscom.intervozes.org.br\/index.php?rest_route=%2Fwp%2Fv2%2Ftags&post=26521"}],"curies":[{"name":"wp","href":"https:\/\/api.w.org\/{rel}","templated":true}]}}