{"id":26516,"date":"2012-01-16T17:39:27","date_gmt":"2012-01-16T17:39:27","guid":{"rendered":"https:\/\/obscom.intervozes.org.br\/wordpress\/?p=26516"},"modified":"2012-01-16T17:39:27","modified_gmt":"2012-01-16T17:39:27","slug":"representante-dos-funcionarios-da-ebc-lanca-blog-sobre-sua-atuacao-no-conselho-curador","status":"publish","type":"post","link":"https:\/\/obscom.intervozes.org.br\/?p=26516","title":{"rendered":"Representante dos funcion\u00e1rios da EBC lan\u00e7a blog sobre sua atua\u00e7\u00e3o no Conselho Curador"},"content":{"rendered":"<p><strong>Reda&ccedil;&atilde;o &#8211; Observat&oacute;rio do Direito &agrave; Comunica&ccedil;&atilde;o<\/strong><\/p>\n<p>O representante dos funcion&aacute;rios da Empresa Brasil de Comunica&ccedil;&atilde;o (EBC) no Conselho Curador da estatal, Guilherme Strozi, lan&ccedil;ou hoje o blog ComunicaEBC. A ideia do jornalista &eacute; aproximar as discuss&otilde;es feitas no Conselho Curador com os trabalhadores da empresa, de forma transparente e participativa. <\/p>\n<p>Strozi dar&aacute; visibilidade as pautas e relatos das reuni&otilde;es, al&eacute;m de informa&ccedil;&otilde;es sobre a comunica&ccedil;&atilde;o p&uacute;blica. Para mais informa&ccedil;&otilde;es, acesse <a href=\"http:\/\/comunicaebc.wordpress.com\/.\" target=\"_blank\">http:\/\/comunicaebc.wordpress.com<\/a> . <\/p>\n","protected":false},"excerpt":{"rendered":"<p>Reda&ccedil;&atilde;o &#8211; Observat&oacute;rio do Direito &agrave; Comunica&ccedil;&atilde;o O representante dos funcion&aacute;rios da Empresa Brasil de Comunica&ccedil;&atilde;o (EBC) no Conselho Curador da estatal, Guilherme Strozi, lan&ccedil;ou hoje o blog ComunicaEBC. A ideia do jornalista &eacute; aproximar as discuss&otilde;es feitas no Conselho Curador com os trabalhadores da empresa, de forma transparente e participativa. Strozi dar&aacute; visibilidade as &hellip; <a href=\"https:\/\/obscom.intervozes.org.br\/?p=26516\" class=\"more-link\">Continue lendo <span class=\"screen-reader-text\">Representante dos funcion\u00e1rios da EBC lan\u00e7a blog sobre sua atua\u00e7\u00e3o no Conselho Curador<\/span> <span class=\"meta-nav\">&rarr;<\/span><\/a><\/p>\n","protected":false},"author":1,"featured_media":0,"comment_status":"open","ping_status":"open","sticky":false,"template":"","format":"standard","meta":{"footnotes":""},"categories":[39],"tags":[],"_links":{"self":[{"href":"https:\/\/obscom.intervozes.org.br\/index.php?rest_route=\/wp\/v2\/posts\/26516"}],"collection":[{"href":"https:\/\/obscom.intervozes.org.br\/index.php?rest_route=\/wp\/v2\/posts"}],"about":[{"href":"https:\/\/obscom.intervozes.org.br\/index.php?rest_route=\/wp\/v2\/types\/post"}],"author":[{"embeddable":true,"href":"https:\/\/obscom.intervozes.org.br\/index.php?rest_route=\/wp\/v2\/users\/1"}],"replies":[{"embeddable":true,"href":"https:\/\/obscom.intervozes.org.br\/index.php?rest_route=%2Fwp%2Fv2%2Fcomments&post=26516"}],"version-history":[{"count":0,"href":"https:\/\/obscom.intervozes.org.br\/index.php?rest_route=\/wp\/v2\/posts\/26516\/revisions"}],"wp:attachment":[{"href":"https:\/\/obscom.intervozes.org.br\/index.php?rest_route=%2Fwp%2Fv2%2Fmedia&parent=26516"}],"wp:term":[{"taxonomy":"category","embeddable":true,"href":"https:\/\/obscom.intervozes.org.br\/index.php?rest_route=%2Fwp%2Fv2%2Fcategories&post=26516"},{"taxonomy":"post_tag","embeddable":true,"href":"https:\/\/obscom.intervozes.org.br\/index.php?rest_route=%2Fwp%2Fv2%2Ftags&post=26516"}],"curies":[{"name":"wp","href":"https:\/\/api.w.org\/{rel}","templated":true}]}}