{"id":26504,"date":"2012-01-12T17:35:58","date_gmt":"2012-01-12T17:35:58","guid":{"rendered":"https:\/\/obscom.intervozes.org.br\/wordpress\/?p=26504"},"modified":"2012-01-12T17:35:58","modified_gmt":"2012-01-12T17:35:58","slug":"anatel-realizara-audiencia-publica-sobre-a-regulamentacao-da-tv-por-assinatura","status":"publish","type":"post","link":"https:\/\/obscom.intervozes.org.br\/?p=26504","title":{"rendered":"Anatel realizar\u00e1 audi\u00eancia p\u00fablica sobre a regulamenta\u00e7\u00e3o da TV por Assinatura"},"content":{"rendered":"<p><span class=\"padrao\">[T&iacute;tulo original: Audi&ecirc;ncia p&uacute;blica do SeAC -TV paga- ser&aacute; no dia 24 de janeiro]<\/p>\n<p><strong>Miriam Aquino &#8211; Teles&iacute;ntese<\/strong><\/p>\n<p>A Anatel j&aacute; definiu a data da audi&ecirc;ncia p&uacute;blica que ir&aacute; debater o novo regulamento de TV paga, ou Servi&ccedil;o de Acesso Condicionado (SeAC). Ser&aacute; no dia 24 de janeiro, ter&ccedil;a-feira, pelo per&iacute;odo da manh&atilde; (a reuni&atilde;o ir&aacute; come&ccedil;ar &agrave;s 8h30min). A norma regulamenta a nova lei do servi&ccedil;o de TV por assinatura, aprovada no ano passado pelo Congresso Nacional, e que libera o ingresso das operadoras de telecomunica&ccedil;&otilde;es no segmento de TV a cabo, al&eacute;m de prever cotas para a produ&ccedil;&atilde;o audiovisual nacional na grade das operadoras.<\/p>\n<p>A consulta p&uacute;blica est&aacute; dispon&iacute;vel at&eacute; o dia 02 de fevereiro. A expectativa da ag&ecirc;ncia &eacute; de liberar as novas licen&ccedil;as a partir de abril deste ano. Com o novo regulamento, as operadoras estar&atilde;o livres para oferecer o servi&ccedil;o em qualquer parte da cidade, n&atilde;o tendo que cumprir metas de cobertura, e poder&atilde;o usar qualquer tecnologia dispon&iacute;vel. As outorgas passar&atilde;o a ser de servi&ccedil;os privados, e n&atilde;o mais concess&atilde;o (como &eacute; o caso da TV cabo atual) e as empresas de capital estrangeiro poder&atilde;o tamb&eacute;m ser controladoras das empresas (o que at&eacute; o ano passado era proibido).<br \/><\/span><\/p>\n","protected":false},"excerpt":{"rendered":"<p>[T&iacute;tulo original: Audi&ecirc;ncia p&uacute;blica do SeAC -TV paga- ser&aacute; no dia 24 de janeiro] Miriam Aquino &#8211; Teles&iacute;ntese A Anatel j&aacute; definiu a data da audi&ecirc;ncia p&uacute;blica que ir&aacute; debater o novo regulamento de TV paga, ou Servi&ccedil;o de Acesso Condicionado (SeAC). Ser&aacute; no dia 24 de janeiro, ter&ccedil;a-feira, pelo per&iacute;odo da manh&atilde; (a reuni&atilde;o &hellip; <a href=\"https:\/\/obscom.intervozes.org.br\/?p=26504\" class=\"more-link\">Continue lendo <span class=\"screen-reader-text\">Anatel realizar\u00e1 audi\u00eancia p\u00fablica sobre a regulamenta\u00e7\u00e3o da TV por Assinatura<\/span> <span class=\"meta-nav\">&rarr;<\/span><\/a><\/p>\n","protected":false},"author":1,"featured_media":0,"comment_status":"open","ping_status":"open","sticky":false,"template":"","format":"standard","meta":{"footnotes":""},"categories":[39],"tags":[],"_links":{"self":[{"href":"https:\/\/obscom.intervozes.org.br\/index.php?rest_route=\/wp\/v2\/posts\/26504"}],"collection":[{"href":"https:\/\/obscom.intervozes.org.br\/index.php?rest_route=\/wp\/v2\/posts"}],"about":[{"href":"https:\/\/obscom.intervozes.org.br\/index.php?rest_route=\/wp\/v2\/types\/post"}],"author":[{"embeddable":true,"href":"https:\/\/obscom.intervozes.org.br\/index.php?rest_route=\/wp\/v2\/users\/1"}],"replies":[{"embeddable":true,"href":"https:\/\/obscom.intervozes.org.br\/index.php?rest_route=%2Fwp%2Fv2%2Fcomments&post=26504"}],"version-history":[{"count":0,"href":"https:\/\/obscom.intervozes.org.br\/index.php?rest_route=\/wp\/v2\/posts\/26504\/revisions"}],"wp:attachment":[{"href":"https:\/\/obscom.intervozes.org.br\/index.php?rest_route=%2Fwp%2Fv2%2Fmedia&parent=26504"}],"wp:term":[{"taxonomy":"category","embeddable":true,"href":"https:\/\/obscom.intervozes.org.br\/index.php?rest_route=%2Fwp%2Fv2%2Fcategories&post=26504"},{"taxonomy":"post_tag","embeddable":true,"href":"https:\/\/obscom.intervozes.org.br\/index.php?rest_route=%2Fwp%2Fv2%2Ftags&post=26504"}],"curies":[{"name":"wp","href":"https:\/\/api.w.org\/{rel}","templated":true}]}}