{"id":26503,"date":"2012-01-12T17:28:12","date_gmt":"2012-01-12T17:28:12","guid":{"rendered":"https:\/\/obscom.intervozes.org.br\/wordpress\/?p=26503"},"modified":"2012-01-12T17:28:12","modified_gmt":"2012-01-12T17:28:12","slug":"em-2011-tv-aberta-recebeu-48-notificacoes-do-ministerio-da-justica","status":"publish","type":"post","link":"https:\/\/obscom.intervozes.org.br\/?p=26503","title":{"rendered":"Em 2011, TV aberta recebeu 48 notifica\u00e7\u00f5es do Minist\u00e9rio da Justi\u00e7a"},"content":{"rendered":"<p><span class=\"padrao\"><strong>Reda&ccedil;&atilde;o &#8211; Portal Imprensa<\/strong><\/p>\n<p>No ano passado, as emissoras de TV aberta receberam 48 advert&ecirc;ncias do Minist&eacute;rio Justi&ccedil;a, n&uacute;mero 65,5% maior do que o registrado em 2010. Esse montante correspondente &agrave;s cercas de 10 mil transmiss&otilde;es analisadas durante todo o ano. O principal motivo para as notifica&ccedil;&otilde;es &eacute; a discrep&acirc;ncia entre a classifica&ccedil;&atilde;o dos programas atribu&iacute;da pelas emissoras e a categoria ideal adotada pelo minist&eacute;rio.<\/p>\n<p>Durante o ano, a Band foi a emissora mais notificada, com 13 advert&ecirc;ncias; em seguida, vem o SBT, com dez; a Globo fica em terceiro lugar, com oito. Record e MTV tiveram sete cada uma e a RedeTV!, duas.<br \/><\/span><\/p>\n","protected":false},"excerpt":{"rendered":"<p>Reda&ccedil;&atilde;o &#8211; Portal Imprensa No ano passado, as emissoras de TV aberta receberam 48 advert&ecirc;ncias do Minist&eacute;rio Justi&ccedil;a, n&uacute;mero 65,5% maior do que o registrado em 2010. Esse montante correspondente &agrave;s cercas de 10 mil transmiss&otilde;es analisadas durante todo o ano. O principal motivo para as notifica&ccedil;&otilde;es &eacute; a discrep&acirc;ncia entre a classifica&ccedil;&atilde;o dos programas &hellip; <a href=\"https:\/\/obscom.intervozes.org.br\/?p=26503\" class=\"more-link\">Continue lendo <span class=\"screen-reader-text\">Em 2011, TV aberta recebeu 48 notifica\u00e7\u00f5es do Minist\u00e9rio da Justi\u00e7a<\/span> <span class=\"meta-nav\">&rarr;<\/span><\/a><\/p>\n","protected":false},"author":1,"featured_media":0,"comment_status":"open","ping_status":"open","sticky":false,"template":"","format":"standard","meta":{"footnotes":""},"categories":[39],"tags":[],"_links":{"self":[{"href":"https:\/\/obscom.intervozes.org.br\/index.php?rest_route=\/wp\/v2\/posts\/26503"}],"collection":[{"href":"https:\/\/obscom.intervozes.org.br\/index.php?rest_route=\/wp\/v2\/posts"}],"about":[{"href":"https:\/\/obscom.intervozes.org.br\/index.php?rest_route=\/wp\/v2\/types\/post"}],"author":[{"embeddable":true,"href":"https:\/\/obscom.intervozes.org.br\/index.php?rest_route=\/wp\/v2\/users\/1"}],"replies":[{"embeddable":true,"href":"https:\/\/obscom.intervozes.org.br\/index.php?rest_route=%2Fwp%2Fv2%2Fcomments&post=26503"}],"version-history":[{"count":0,"href":"https:\/\/obscom.intervozes.org.br\/index.php?rest_route=\/wp\/v2\/posts\/26503\/revisions"}],"wp:attachment":[{"href":"https:\/\/obscom.intervozes.org.br\/index.php?rest_route=%2Fwp%2Fv2%2Fmedia&parent=26503"}],"wp:term":[{"taxonomy":"category","embeddable":true,"href":"https:\/\/obscom.intervozes.org.br\/index.php?rest_route=%2Fwp%2Fv2%2Fcategories&post=26503"},{"taxonomy":"post_tag","embeddable":true,"href":"https:\/\/obscom.intervozes.org.br\/index.php?rest_route=%2Fwp%2Fv2%2Ftags&post=26503"}],"curies":[{"name":"wp","href":"https:\/\/api.w.org\/{rel}","templated":true}]}}