{"id":26500,"date":"2012-01-12T17:03:28","date_gmt":"2012-01-12T17:03:28","guid":{"rendered":"https:\/\/obscom.intervozes.org.br\/wordpress\/?p=26500"},"modified":"2012-01-12T17:03:28","modified_gmt":"2012-01-12T17:03:28","slug":"presidente-da-fcc-mostra-preocupacao-com-liberacao-de-espectro-para-banda-larga","status":"publish","type":"post","link":"https:\/\/obscom.intervozes.org.br\/?p=26500","title":{"rendered":"Presidente da FCC mostra preocupa\u00e7\u00e3o com libera\u00e7\u00e3o de espectro para banda larga"},"content":{"rendered":"<p>A julgar pelo discurso e interven&ccedil;&atilde;o de Julius Genachowski, presidente da FCC, &oacute;rg&atilde;o regulador norte-americano, em seu pronunciamento no CES 2012, que acontece esta semana em Las Vegas, a quest&atilde;o do espectro &eacute; cada vez mais cr&iacute;tica para o desenvolvimento da banda larga nos EUA. &quot;Nesse evento, tudo ficou &quot;smart&quot;. S&atilde;o SmarTV, smartphones, smartcars&hellip; O que permite esse n&iacute;vel de inova&ccedil;&atilde;o que vemos aqui &eacute; a banda larga, sobretudo a banda larga m&oacute;vel&quot;, disse ele, referindo-se aos principais destaques do evento, dedicado &agrave; eletr&ocirc;nica de consumo.<\/p>\n<p>Segundo o presidente da FCC, a ag&ecirc;ncia de telecomunica&ccedil;&otilde;es norte-americana definiu como metas para a banda larga a ubiquidade, a necessidade de mais espectro, a necessidade de zonas de inova&ccedil;&atilde;o e universalidade. &quot;Um ter&ccedil;o da nossa popula&ccedil;&atilde;o ainda n&atilde;o tem acesso &agrave; banda larga. Reduzir essa defici&ecirc;ncia &eacute; n&atilde;o s&oacute; incluir essas pessoas em um universo de informa&ccedil;&atilde;o, mas introduzi-las &agrave; economia do s&eacute;culo 21&quot;, disse.<\/p>\n<p>O problema colocado por Genachowski &eacute; uma disputa interna que a FCC enfrenta com o Congresso e a press&atilde;o de alguns grupos para que as regras de licenciamento de espectro sejam alteradas. Basicamente, o que os opositores da atual pol&iacute;tica seguida pela FCC querem &eacute; que a ag&ecirc;ncia seja proibida de liberar espectro para tecnologias n&atilde;o-licenciadas (como Wi-Fi, NFC, Bluetooth etc.) e que n&atilde;o possa mais estabelecer restri&ccedil;&otilde;es a quem compra espectro. Tamb&eacute;m existe muita resist&ecirc;ncia a uma nova pol&iacute;tica de licenciamento de espectro que a FCC pretende seguir, que &eacute; a de leil&otilde;es incentivados, em que quem tem espectro e quer se desfazer dele pode vender pra quem quer comprar espectro. &Eacute; o caminho que a FCC encontrou para conseguir passar parte do espectro dos broadcasters (radiodifusores) para as empresas de banda larga. &quot;&Eacute; uma forma justa porque deixa o mercado decidir como o espectro vai ser utilizado pela sociedade&quot;.<\/p>\n<p>O presidente da FCC lembrou que os EUA t&ecirc;m hoje o maior n&uacute;mero de usu&aacute;rios 3G no mundo e o maior n&uacute;mero de usu&aacute;rios 4G. &quot;Estamos liderando a inova&ccedil;&atilde;o na banda larga m&oacute;vel, mas para isso continuar o espectro &eacute; vital&quot;, disse. Ele lembrou que os EUA sempre foram pioneiros na forma de distribuir e utilizar o espectro. &quot;Coisas como o espectro n&atilde;o- licenciado, Wi-Fi, uso do white space (espa&ccedil;o entre os canais de radiodifus&atilde;o) para banda larga foram inova&ccedil;&otilde;es que n&oacute;s (os EUA) apresentamos. Temos que continuar inovando na forma de utilizar e gerir o espectro&quot;, disse o principal homem da FCC.<\/p>\n<p>Ele foi especialmente cr&iacute;tico em rela&ccedil;&atilde;o &agrave;s empresas de radiodifus&atilde;o. &quot;Em Nova York, por exemplo, existem 28 esta&ccedil;&otilde;es. As pessoas n&atilde;o s&atilde;o nem capazes de lembrar o nome de todas elas. Acho que cabe ao mercado, a elas inclusive, decidirem se querem continuar existindo ou se devem passar o espectro que ocupam para alguma outra atividade&quot;.<\/p>\n","protected":false},"excerpt":{"rendered":"<p>A julgar pelo discurso e interven&ccedil;&atilde;o de Julius Genachowski, presidente da FCC, &oacute;rg&atilde;o regulador norte-americano, em seu pronunciamento no CES 2012, que acontece esta semana em Las Vegas, a quest&atilde;o do espectro &eacute; cada vez mais cr&iacute;tica para o desenvolvimento da banda larga nos EUA. &quot;Nesse evento, tudo ficou &quot;smart&quot;. S&atilde;o SmarTV, smartphones, smartcars&hellip; O &hellip; <a href=\"https:\/\/obscom.intervozes.org.br\/?p=26500\" class=\"more-link\">Continue lendo <span class=\"screen-reader-text\">Presidente da FCC mostra preocupa\u00e7\u00e3o com libera\u00e7\u00e3o de espectro para banda larga<\/span> <span class=\"meta-nav\">&rarr;<\/span><\/a><\/p>\n","protected":false},"author":1,"featured_media":0,"comment_status":"open","ping_status":"open","sticky":false,"template":"","format":"standard","meta":{"footnotes":""},"categories":[40],"tags":[1117],"_links":{"self":[{"href":"https:\/\/obscom.intervozes.org.br\/index.php?rest_route=\/wp\/v2\/posts\/26500"}],"collection":[{"href":"https:\/\/obscom.intervozes.org.br\/index.php?rest_route=\/wp\/v2\/posts"}],"about":[{"href":"https:\/\/obscom.intervozes.org.br\/index.php?rest_route=\/wp\/v2\/types\/post"}],"author":[{"embeddable":true,"href":"https:\/\/obscom.intervozes.org.br\/index.php?rest_route=\/wp\/v2\/users\/1"}],"replies":[{"embeddable":true,"href":"https:\/\/obscom.intervozes.org.br\/index.php?rest_route=%2Fwp%2Fv2%2Fcomments&post=26500"}],"version-history":[{"count":0,"href":"https:\/\/obscom.intervozes.org.br\/index.php?rest_route=\/wp\/v2\/posts\/26500\/revisions"}],"wp:attachment":[{"href":"https:\/\/obscom.intervozes.org.br\/index.php?rest_route=%2Fwp%2Fv2%2Fmedia&parent=26500"}],"wp:term":[{"taxonomy":"category","embeddable":true,"href":"https:\/\/obscom.intervozes.org.br\/index.php?rest_route=%2Fwp%2Fv2%2Fcategories&post=26500"},{"taxonomy":"post_tag","embeddable":true,"href":"https:\/\/obscom.intervozes.org.br\/index.php?rest_route=%2Fwp%2Fv2%2Ftags&post=26500"}],"curies":[{"name":"wp","href":"https:\/\/api.w.org\/{rel}","templated":true}]}}