{"id":26498,"date":"2012-01-11T16:51:51","date_gmt":"2012-01-11T16:51:51","guid":{"rendered":"https:\/\/obscom.intervozes.org.br\/wordpress\/?p=26498"},"modified":"2012-01-11T16:51:51","modified_gmt":"2012-01-11T16:51:51","slug":"aice-movel-e-prioridade-do-ministerio-das-comunicacoes-para-2012","status":"publish","type":"post","link":"https:\/\/obscom.intervozes.org.br\/?p=26498","title":{"rendered":"&#8216;Aice m\u00f3vel&#8217; \u00e9 prioridade do Minist\u00e9rio das Comunicac\u00f5es para 2012"},"content":{"rendered":"<p>O departamento de banda larga do Minist&eacute;rio das Comunica&ccedil;&otilde;es recebeu a incumb&ecirc;ncia de criar um servi&ccedil;o m&oacute;vel de banda larga e telefonia para aqueles consumidores que n&atilde;o podem pagar sequer os R$ 35 do Plano Nacional de Banda Larga (PNBL). De acordo com o diretor do departamento, Artur Coimbra de Oliveira, o Minicom articula um plano que gozar&aacute; de incentivos fiscais para que o valor da mensalidade fique abaixo de R$ 35 e com financiamento de longo prazo para a aquisi&ccedil;&atilde;o de smartphones. Os benefici&aacute;rios do programa ser&atilde;o aquelas fam&iacute;lias inscritas no Cad&Uacute;nico do governo federal.<\/p>\n<p>&quot;O ministro pediu prioridade a esse projeto. O PNBL atende parte da classe C, agora queremos atender o resto da classe C e um peda&ccedil;o da classe E&quot;, explica Coimbra. Internamente, o plano est&aacute; sendo chamado de &quot;Aice m&oacute;vel&quot;, mas o diretor reconhece que esse n&atilde;o &eacute; um bom nome, j&aacute; que o Aice &eacute; um servi&ccedil;o exclusivamente de voz.<\/p>\n<p>Em rela&ccedil;&atilde;o aos terminais, a ideia &eacute; que o governo, junto com a ind&uacute;stria, chegue a um conjunto limitado de aparelhos que poder&atilde;o ser financiados a prazos mais alongados. O foco em um n&uacute;mero reduzido de aparelhos tamb&eacute;m contribui para que eles ganhem escala de produ&ccedil;&atilde;o, explica Coimbra.<\/p>\n","protected":false},"excerpt":{"rendered":"<p>O departamento de banda larga do Minist&eacute;rio das Comunica&ccedil;&otilde;es recebeu a incumb&ecirc;ncia de criar um servi&ccedil;o m&oacute;vel de banda larga e telefonia para aqueles consumidores que n&atilde;o podem pagar sequer os R$ 35 do Plano Nacional de Banda Larga (PNBL). De acordo com o diretor do departamento, Artur Coimbra de Oliveira, o Minicom articula um &hellip; <a href=\"https:\/\/obscom.intervozes.org.br\/?p=26498\" class=\"more-link\">Continue lendo <span class=\"screen-reader-text\">&#8216;Aice m\u00f3vel&#8217; \u00e9 prioridade do Minist\u00e9rio das Comunicac\u00f5es para 2012<\/span> <span class=\"meta-nav\">&rarr;<\/span><\/a><\/p>\n","protected":false},"author":1,"featured_media":0,"comment_status":"open","ping_status":"open","sticky":false,"template":"","format":"standard","meta":{"footnotes":""},"categories":[40],"tags":[645],"_links":{"self":[{"href":"https:\/\/obscom.intervozes.org.br\/index.php?rest_route=\/wp\/v2\/posts\/26498"}],"collection":[{"href":"https:\/\/obscom.intervozes.org.br\/index.php?rest_route=\/wp\/v2\/posts"}],"about":[{"href":"https:\/\/obscom.intervozes.org.br\/index.php?rest_route=\/wp\/v2\/types\/post"}],"author":[{"embeddable":true,"href":"https:\/\/obscom.intervozes.org.br\/index.php?rest_route=\/wp\/v2\/users\/1"}],"replies":[{"embeddable":true,"href":"https:\/\/obscom.intervozes.org.br\/index.php?rest_route=%2Fwp%2Fv2%2Fcomments&post=26498"}],"version-history":[{"count":0,"href":"https:\/\/obscom.intervozes.org.br\/index.php?rest_route=\/wp\/v2\/posts\/26498\/revisions"}],"wp:attachment":[{"href":"https:\/\/obscom.intervozes.org.br\/index.php?rest_route=%2Fwp%2Fv2%2Fmedia&parent=26498"}],"wp:term":[{"taxonomy":"category","embeddable":true,"href":"https:\/\/obscom.intervozes.org.br\/index.php?rest_route=%2Fwp%2Fv2%2Fcategories&post=26498"},{"taxonomy":"post_tag","embeddable":true,"href":"https:\/\/obscom.intervozes.org.br\/index.php?rest_route=%2Fwp%2Fv2%2Ftags&post=26498"}],"curies":[{"name":"wp","href":"https:\/\/api.w.org\/{rel}","templated":true}]}}