{"id":26495,"date":"2012-01-10T18:15:19","date_gmt":"2012-01-10T18:15:19","guid":{"rendered":"https:\/\/obscom.intervozes.org.br\/wordpress\/?p=26495"},"modified":"2012-01-10T18:15:19","modified_gmt":"2012-01-10T18:15:19","slug":"recife-sedia-primeiro-encontro-nacional-pelo-direito-a-comunicacao","status":"publish","type":"post","link":"https:\/\/obscom.intervozes.org.br\/?p=26495","title":{"rendered":"Recife sedia primeiro Encontro Nacional pelo Direito \u00e0 Comunica\u00e7\u00e3o"},"content":{"rendered":"<p><span class=\"padrao\">M&ecirc;s de fevereiro, em Recife batuques e frevos ecoam pelas ruas. Momento ideal para reencontrar as ra&iacute;zes de resist&ecirc;ncia e suas reconfigura&ccedil;&otilde;es e inova&ccedil;&otilde;es.&nbsp; E &eacute; nesse tom que vai ocorrer o I Encontro Nacional pelo Direito &agrave; Comunica&ccedil;&atilde;o (ENDC), entre os dias 09 e 11 de fevereiro na Universidade Cat&oacute;lica de Pernambuco.<\/p>\n<p>O bloco &eacute; puxado pelo Centro de Cultura Luz Freire (CCLF) e tem como apoiadores entidades j&aacute; tarimbadas e outras que, apesar de pouco conhecidas nacionalmente, j&aacute; exercem pr&aacute;ticas profundas de transforma&ccedil;&atilde;o social. Ivan Moraes, integrante do CCLF, sintetiza porque o ENDC j&aacute; atingiu a marca de 300 participantes inscritos:&nbsp; &quot;&Eacute; um momento especial, ano passado foi de muita a&ccedil;&atilde;o e articula&ccedil;&atilde;o. Existe um espectro grande de grupos praticando ou discutindo a comunica&ccedil;&atilde;o enquanto direito&quot;.<\/p>\n<p>Os exemplos para Ivan est&atilde;o em espa&ccedil;os de incid&ecirc;ncia tradicionais como a plen&aacute;ria do F&oacute;rum Nacional pela Democratiza&ccedil;&atilde;o da Comunica&ccedil;&atilde;o (FNDC), ocorrida em dezembro de 2011, e tamb&eacute;m em sujeitos que atuam na &quot;nova pol&iacute;tica&quot; das marchas e redes sociais e buscam modelos mais horizontais de participa&ccedil;&atilde;o. &quot;O que se espera desse&nbsp; encontro &eacute; que esses sujeitos possam se reconhecer como personagens da mesma luta&quot;, almeja.<\/p>\n<p>O met&oacute;do &eacute; um dos pilares para angariar tante gente diferente. Debates, grupos de trabalho e atividades autogestionadas ir&atilde;o compor a programa&ccedil;&atilde;o do encontro. Para Paulo Victor Melo, membro da coordena&ccedil;ao do Intervozes, a metodologia ir&aacute; propiciar uma maior troca para a busca de uma a&ccedil;&atilde;o pol&iacute;tica mais conjunta. &quot;A ideia &eacute; que o encontro convirja as agendas e pautas das diversas organiza&ccedil;&otilde;es e milit&acirc;ncias onde o direito &aacute; comunica&ccedil;&atilde;o &eacute; um tema central&quot;, afirma.<\/p>\n<p>Na constru&ccedil;&atilde;o tamb&eacute;m se preza pela colabora&ccedil;&atilde;o. As reuni&otilde;es da comiss&atilde;o organizadora s&atilde;o abertas e no site www.endc.org.br &eacute; poss&iacute;vel inscrever atividades at&eacute; o dia 20 de janeiro, sem o peso das sele&ccedil;&otilde;es: &quot;N&atilde;o vamos fazer concurso para as melhores atividades, mas o que for proposto, vamos atuar para ser legitimado da melhor forma&quot;, tranquilza Ivan. J&aacute; os interessados poder&atilde;o se inscrever gratuitamente at&eacute; o dia 30 de janeiro.<\/p>\n<p>Entre os temas e pr&aacute;ticas convencionais, o marco regulat&oacute;rio das comunica&ccedil;&otilde;es ser&aacute; tema de mesa de debates e contar&aacute; com a presen&ccedil;a de Rosane Berttoti, nova coordenadora geral do FNDC. Com expectativas pela nova fun&ccedil;&atilde;o, Rosane ressalta os desafios para culminar no marco regulat&oacute;rio: &quot;O FNDC tem que ser o elo para articular diversos atores, com pensamento t&aacute;tico diferenciado, a partir do tipo de cada organiza&ccedil;&atilde;o. O grande desafio &eacute; articular o que tem de melhor nessa diversidade&quot;.<\/span><\/p>\n","protected":false},"excerpt":{"rendered":"<p>Organiza&ccedil;&otilde;es locais e nacionais se mobilizam para encontro que buscar&aacute; a converg&ecirc;ncia de pautas entre os dias 9 e 11 de fevereiro. As inscri&ccedil;&otilde;es de atividades e participantes ainda est&atilde;o abertas.<\/p>\n","protected":false},"author":1,"featured_media":0,"comment_status":"open","ping_status":"open","sticky":false,"template":"","format":"standard","meta":{"footnotes":""},"categories":[40],"tags":[830],"_links":{"self":[{"href":"https:\/\/obscom.intervozes.org.br\/index.php?rest_route=\/wp\/v2\/posts\/26495"}],"collection":[{"href":"https:\/\/obscom.intervozes.org.br\/index.php?rest_route=\/wp\/v2\/posts"}],"about":[{"href":"https:\/\/obscom.intervozes.org.br\/index.php?rest_route=\/wp\/v2\/types\/post"}],"author":[{"embeddable":true,"href":"https:\/\/obscom.intervozes.org.br\/index.php?rest_route=\/wp\/v2\/users\/1"}],"replies":[{"embeddable":true,"href":"https:\/\/obscom.intervozes.org.br\/index.php?rest_route=%2Fwp%2Fv2%2Fcomments&post=26495"}],"version-history":[{"count":0,"href":"https:\/\/obscom.intervozes.org.br\/index.php?rest_route=\/wp\/v2\/posts\/26495\/revisions"}],"wp:attachment":[{"href":"https:\/\/obscom.intervozes.org.br\/index.php?rest_route=%2Fwp%2Fv2%2Fmedia&parent=26495"}],"wp:term":[{"taxonomy":"category","embeddable":true,"href":"https:\/\/obscom.intervozes.org.br\/index.php?rest_route=%2Fwp%2Fv2%2Fcategories&post=26495"},{"taxonomy":"post_tag","embeddable":true,"href":"https:\/\/obscom.intervozes.org.br\/index.php?rest_route=%2Fwp%2Fv2%2Ftags&post=26495"}],"curies":[{"name":"wp","href":"https:\/\/api.w.org\/{rel}","templated":true}]}}