{"id":26488,"date":"2012-01-06T18:44:40","date_gmt":"2012-01-06T18:44:40","guid":{"rendered":"https:\/\/obscom.intervozes.org.br\/wordpress\/?p=26488"},"modified":"2012-01-06T18:44:40","modified_gmt":"2012-01-06T18:44:40","slug":"justica-reafirma-competencia-da-anatel-para-disciplinar-concorrencia-no-setor","status":"publish","type":"post","link":"https:\/\/obscom.intervozes.org.br\/?p=26488","title":{"rendered":"Justi\u00e7a reafirma compet\u00eancia da Anatel para disciplinar concorr\u00eancia no setor"},"content":{"rendered":"<p><span class=\"padrao\">O Tribunal Regional de Bras&iacute;lia afirma que n&atilde;o cabe interven&ccedil;&atilde;o do judici&aacute;rio na seara do administrativo para ordenar a implementa&ccedil;&atilde;o do Plano Geral de Metas de Competi&ccedil;&atilde;o (PGMC), em estudo na Anatel. Com esse entendimento, a 6&ordf; Turma do TRF negou provimento ao recurso de agravo regimental interposto pela Associa&ccedil;&atilde;o Brasileira das Prestadoras do Servi&ccedil;o de Comunica&ccedil;&atilde;o Multim&iacute;dia (Abramulti), questionando a compet&ecirc;ncia da ag&ecirc;ncia em alterar o Plano Geral de Outorgas (PGO), que prev&ecirc; o estabelecimento de regras de concorr&ecirc;ncia entre os prestadores de servi&ccedil;os de telecomunica&ccedil;&otilde;es.<\/p>\n<p>Entendimento semelhante foi utilizado pela Justi&ccedil;a Federal para derrubar o Mandado de Seguran&ccedil;a obtido pela Abramulti em 2008, durante o processo de debate da altera&ccedil;&atilde;o do PGO, concretizado com a edi&ccedil;&atilde;o do decreto 6.654\/08. Esse documento eliminou a restri&ccedil;&atilde;o de as concession&aacute;rias atuarem em mais de uma regi&atilde;o at&eacute; que fosse implementado e consolidado o PGMC e estabelecidas novas regras de concorr&ecirc;ncia entre as empresas.<\/p>\n<p>O Tribunal sinalizou que &quot;n&atilde;o se trata de prevenir ou remediar alguma les&atilde;o de direito concretamente sofrida pelas associadas da Abramulti. Pretende-se, com inger&ecirc;ncia nas atividades regulat&oacute;rias da ag&ecirc;ncia, determinar que ela adote provid&ecirc;ncias tendentes ao estabelecimento de pol&iacute;ticas p&uacute;blicas e edi&ccedil;&atilde;o de norma com car&aacute;ter de abstra&ccedil;&atilde;o e generalidade&quot;.<\/p>\n<p>O agravo regimental foi interposto pela Abramulti em 2009, mas a senten&ccedil;a do desembargador saiu recentemente, colocando um fim &agrave; quest&atilde;o.<\/span><\/p>\n","protected":false},"excerpt":{"rendered":"<p>O Tribunal Regional de Bras&iacute;lia afirma que n&atilde;o cabe interven&ccedil;&atilde;o do judici&aacute;rio na seara do administrativo para ordenar a implementa&ccedil;&atilde;o do Plano Geral de Metas de Competi&ccedil;&atilde;o (PGMC), em estudo na Anatel. Com esse entendimento, a 6&ordf; Turma do TRF negou provimento ao recurso de agravo regimental interposto pela Associa&ccedil;&atilde;o Brasileira das Prestadoras do Servi&ccedil;o &hellip; <a href=\"https:\/\/obscom.intervozes.org.br\/?p=26488\" class=\"more-link\">Continue lendo <span class=\"screen-reader-text\">Justi\u00e7a reafirma compet\u00eancia da Anatel para disciplinar concorr\u00eancia no setor<\/span> <span class=\"meta-nav\">&rarr;<\/span><\/a><\/p>\n","protected":false},"author":1,"featured_media":0,"comment_status":"open","ping_status":"open","sticky":false,"template":"","format":"standard","meta":{"footnotes":""},"categories":[40],"tags":[81],"_links":{"self":[{"href":"https:\/\/obscom.intervozes.org.br\/index.php?rest_route=\/wp\/v2\/posts\/26488"}],"collection":[{"href":"https:\/\/obscom.intervozes.org.br\/index.php?rest_route=\/wp\/v2\/posts"}],"about":[{"href":"https:\/\/obscom.intervozes.org.br\/index.php?rest_route=\/wp\/v2\/types\/post"}],"author":[{"embeddable":true,"href":"https:\/\/obscom.intervozes.org.br\/index.php?rest_route=\/wp\/v2\/users\/1"}],"replies":[{"embeddable":true,"href":"https:\/\/obscom.intervozes.org.br\/index.php?rest_route=%2Fwp%2Fv2%2Fcomments&post=26488"}],"version-history":[{"count":0,"href":"https:\/\/obscom.intervozes.org.br\/index.php?rest_route=\/wp\/v2\/posts\/26488\/revisions"}],"wp:attachment":[{"href":"https:\/\/obscom.intervozes.org.br\/index.php?rest_route=%2Fwp%2Fv2%2Fmedia&parent=26488"}],"wp:term":[{"taxonomy":"category","embeddable":true,"href":"https:\/\/obscom.intervozes.org.br\/index.php?rest_route=%2Fwp%2Fv2%2Fcategories&post=26488"},{"taxonomy":"post_tag","embeddable":true,"href":"https:\/\/obscom.intervozes.org.br\/index.php?rest_route=%2Fwp%2Fv2%2Ftags&post=26488"}],"curies":[{"name":"wp","href":"https:\/\/api.w.org\/{rel}","templated":true}]}}