{"id":26483,"date":"2012-01-05T19:00:10","date_gmt":"2012-01-05T19:00:10","guid":{"rendered":"https:\/\/obscom.intervozes.org.br\/wordpress\/?p=26483"},"modified":"2012-01-05T19:00:10","modified_gmt":"2012-01-05T19:00:10","slug":"reestruturacao-da-anatel-deve-priorizar-integracao-entre-as-areas-diz-bechara","status":"publish","type":"post","link":"https:\/\/obscom.intervozes.org.br\/?p=26483","title":{"rendered":"Reestrutura\u00e7\u00e3o da Anatel deve priorizar integra\u00e7\u00e3o entre as \u00e1reas, diz Bechara"},"content":{"rendered":"<p>Uma das prioridades da Anatel para 2012 definidas pelo presidente Jo&atilde;o Rezende no final do ano passado &eacute; o processo de reestrutura&ccedil;&atilde;o interna, bem como a revis&atilde;o dos procedimentos de fiscaliza&ccedil;&atilde;o e san&ccedil;&atilde;o. Duas pe&ccedil;as desse quebra-cabe&ccedil;as est&atilde;o agora sendo preparadas pelo gabinete do conselheiro Marcelo Bechara: a an&aacute;lise de mudan&ccedil;a do regimento interno, sugerida pela conselheira Em&iacute;lia Ribeiro, e a reestrutura&ccedil;&atilde;o organizacional da ag&ecirc;ncia.<\/p>\n<p>Segundo Marcelo Bechara, essas mudan&ccedil;as pelas quais a Anatel dever&aacute; passar at&eacute; o final do ano envolvem tr&ecirc;s frentes: uma mudan&ccedil;a estrutural, para que as diferentes &aacute;reas da ag&ecirc;ncia trabalhem mais em conjunto, para dar conta do cen&aacute;rio convergente de mercado e sem poderes concentrados em uma &uacute;nica superintend&ecirc;ncia; mudan&ccedil;as procedimentais, para desburocratizar processos internos e agilizar as atividades fim da ag&ecirc;ncia; e uma mudan&ccedil;a cultural interna e externa, que envolve a forma como a ag&ecirc;ncia acompanha e fiscaliza o mercado. Essas mudan&ccedil;as vir&atilde;o com a reforma regimental e organizacional da ag&ecirc;ncia, e tamb&eacute;m com a revis&atilde;o das regras de san&ccedil;&atilde;o e fiscaliza&ccedil;&atilde;o (hoje sob a relatoria de Rodrigo Zerbone).<\/p>\n<p><strong>Mudan&ccedil;a de mercado<\/strong><\/p>\n<p>&quot;A reforma geral que ser&aacute; feita &eacute; para mudar a forma como a ag&ecirc;ncia se comporta diante das mudan&ccedil;as do mercado&quot;, diz Bechara. Para ele, o primeiro passo, dado pela conselheira Em&iacute;lia Ribeiro ao sugerir um novo regimento interno, deve ser completado com a conclus&atilde;o do trabalho de reestrutura&ccedil;&atilde;o organizacional iniciado em 2005, com altera&ccedil;&otilde;es nas superintend&ecirc;ncias e ger&ecirc;ncias da Anatel. A reforma da ag&ecirc;ncia sugerida em 2005, vale lembrar, chegou a ser publicada na forma de resolu&ccedil;&atilde;o, mas o Minist&eacute;rio das Comunica&ccedil;&otilde;es, baseado em um parecer feito justamente por Marcelo Bechara (ent&atilde;o consultor jur&iacute;dico do Minicom), ratificado pela Casa Civil, determinou que a mudan&ccedil;a deveria ser suspensas, j&aacute; que dependeriam de decreto presidencial.<\/p>\n<p><strong>Caixinhas<\/strong><\/p>\n<p>&quot;Acredito que mesmo que a mudan&ccedil;a interna na Anatel tivesse acontecido em 2005, seria necess&aacute;rio refazer esse trabalho hoje, pois o mercado mudou muito&quot;, diz Bechara. Ele diz que a reestrutura&ccedil;&atilde;o que ser&aacute; proposta agora deve ser diferente daquela proposta em 2005, com menos superintend&ecirc;ncias e mais integra&ccedil;&atilde;o entre as &aacute;reas. Ele prefere n&atilde;o antecipar como ser&aacute; o organograma, &quot;at&eacute; porque s&atilde;o muitas caixinhas que precisam ser alocadas, n&atilde;o s&oacute; nas superintend&ecirc;ncias, mas nos diversos n&iacute;veis de ger&ecirc;ncia, e come&ccedil;amos esse processo de an&aacute;lise apenas essa semana&quot;, diz.<\/p>\n<p>Mesmo sem uma defini&ccedil;&atilde;o, &eacute; poss&iacute;vel intuir, pelo discurso do conselheiro, quais ser&atilde;o as linhas centrais da estrutura a ser proposta. Na parte administrativa, a Anatel precisa de uma &aacute;rea espec&iacute;fica para cuidar de TI e da informa&ccedil;&atilde;o oferecida pela ag&ecirc;ncia ao p&uacute;blico, al&eacute;m das fun&ccedil;&otilde;es normais da administra&ccedil;&atilde;o da ag&ecirc;ncia, diz Bechara. J&aacute; na parte operacional, o conselheiro v&ecirc; a necessidade de uma &aacute;rea voltada para a outorga e regula&ccedil;&atilde;o dos diferentes servi&ccedil;os em que a palavra &quot;convergente&quot; seja a regra, diz. Outra &aacute;rea deve cuidar das rela&ccedil;&otilde;es entre usu&aacute;rios e prestadores; uma terceira &aacute;rea seria encarregada de acompanhar o cumprimento e controle de obriga&ccedil;&otilde;es; uma &aacute;rea ficaria respons&aacute;vel pela fiscaliza&ccedil;&atilde;o; e uma outra &aacute;rea pelo acompanhamento dos mercados, dos recursos escassos e provavelmente certifica&ccedil;&atilde;o. &quot;Hoje, muitas dessas fun&ccedil;&otilde;es s&atilde;o acumuladas pela mesma superintend&ecirc;ncia, mas isso n&atilde;o funciona em um cen&aacute;rio convergente como o em que vivemos&quot;, diz Bechara.<\/p>\n<p>O conselheiro, contudo, prefere n&atilde;o cravar que essas ser&atilde;o as superintend&ecirc;ncias. &quot;O que cada nova superintend&ecirc;ncia far&aacute; exatamente, o que ser&aacute; tratado em n&iacute;vel de ger&ecirc;ncia e que &aacute;reas ser&atilde;o realocadas ainda est&aacute; sendo desenhado e precisa ser discutido com o conselho e com a sociedade&quot;, diz Bechara. &quot;&Eacute; preciso lembrar que tudo isso dever&aacute; ser feito com a ag&ecirc;ncia funcionando, processos e prazos correndo, regulamentos sendo preparados, e nenhuma mudan&ccedil;a pode comprometer o dia-a-dia&quot;, ressalta.<\/p>\n<p>&quot;A &uacute;nica coisa que &eacute; certa &eacute; que n&atilde;o deve mais haver uma estrutura de superintend&ecirc;ncias orientada por servi&ccedil;os ou tecnologias. O modelo tem que dar conta, inclusive, de um modelo de servi&ccedil;o ou licen&ccedil;a &uacute;nica, caso isso venha a existir no futuro&quot;, diz o conselheiro, que se diz favor&aacute;vel a essa ideia. &quot;O que &eacute; importante &eacute; que todas as &aacute;reas da Anatel dependam umas das outras e funcionem de forma integrada&quot;.<\/p>\n<p><strong>Prazos<\/strong><\/p>\n<p>Para o conselheiro, as mudan&ccedil;as tendem a gerar ansiedade entre os funcion&aacute;rios da Anatel e tamb&eacute;m no mercado, que est&aacute; acostumado com uma ordem estabelecida h&aacute; v&aacute;rios anos. &quot;Toda mudan&ccedil;a gera esse tipo de rea&ccedil;&atilde;o, &eacute; normal, e a melhor forma de minimizar isso &eacute; dando transpar&ecirc;ncia ao processo&quot;.<\/p>\n<p>Bechara diz que n&atilde;o deve sugerir ao conselho a contrata&ccedil;&atilde;o de consultorias ou colaboradores externos para implementar as mudan&ccedil;as. &quot;Isso foi feito em 2004 e temos muito material daquela &eacute;poca para ser aproveitado. Acho que ainda podemos recorrer aos pr&oacute;prios funcion&aacute;rios mais experientes da Anatel para detectar eventuais problemas nas mudan&ccedil;as propostas, mas o que &eacute; preciso fazer agora &eacute; implementar as altera&ccedil;&otilde;es&quot;, diz ele. no tocante aos prazos: at&eacute; mar&ccedil;o deve sair a consulta e o processo de implanta&ccedil;&atilde;o deve acontecer ao longo de 2012, explica Bechara<\/p>\n","protected":false},"excerpt":{"rendered":"<p>Uma das prioridades da Anatel para 2012 definidas pelo presidente Jo&atilde;o Rezende no final do ano passado &eacute; o processo de reestrutura&ccedil;&atilde;o interna, bem como a revis&atilde;o dos procedimentos de fiscaliza&ccedil;&atilde;o e san&ccedil;&atilde;o. Duas pe&ccedil;as desse quebra-cabe&ccedil;as est&atilde;o agora sendo preparadas pelo gabinete do conselheiro Marcelo Bechara: a an&aacute;lise de mudan&ccedil;a do regimento interno, sugerida &hellip; <a href=\"https:\/\/obscom.intervozes.org.br\/?p=26483\" class=\"more-link\">Continue lendo <span class=\"screen-reader-text\">Reestrutura\u00e7\u00e3o da Anatel deve priorizar integra\u00e7\u00e3o entre as \u00e1reas, diz Bechara<\/span> <span class=\"meta-nav\">&rarr;<\/span><\/a><\/p>\n","protected":false},"author":1,"featured_media":0,"comment_status":"open","ping_status":"open","sticky":false,"template":"","format":"standard","meta":{"footnotes":""},"categories":[40],"tags":[81],"_links":{"self":[{"href":"https:\/\/obscom.intervozes.org.br\/index.php?rest_route=\/wp\/v2\/posts\/26483"}],"collection":[{"href":"https:\/\/obscom.intervozes.org.br\/index.php?rest_route=\/wp\/v2\/posts"}],"about":[{"href":"https:\/\/obscom.intervozes.org.br\/index.php?rest_route=\/wp\/v2\/types\/post"}],"author":[{"embeddable":true,"href":"https:\/\/obscom.intervozes.org.br\/index.php?rest_route=\/wp\/v2\/users\/1"}],"replies":[{"embeddable":true,"href":"https:\/\/obscom.intervozes.org.br\/index.php?rest_route=%2Fwp%2Fv2%2Fcomments&post=26483"}],"version-history":[{"count":0,"href":"https:\/\/obscom.intervozes.org.br\/index.php?rest_route=\/wp\/v2\/posts\/26483\/revisions"}],"wp:attachment":[{"href":"https:\/\/obscom.intervozes.org.br\/index.php?rest_route=%2Fwp%2Fv2%2Fmedia&parent=26483"}],"wp:term":[{"taxonomy":"category","embeddable":true,"href":"https:\/\/obscom.intervozes.org.br\/index.php?rest_route=%2Fwp%2Fv2%2Fcategories&post=26483"},{"taxonomy":"post_tag","embeddable":true,"href":"https:\/\/obscom.intervozes.org.br\/index.php?rest_route=%2Fwp%2Fv2%2Ftags&post=26483"}],"curies":[{"name":"wp","href":"https:\/\/api.w.org\/{rel}","templated":true}]}}