{"id":26478,"date":"2012-01-03T19:11:45","date_gmt":"2012-01-03T19:11:45","guid":{"rendered":"https:\/\/obscom.intervozes.org.br\/wordpress\/?p=26478"},"modified":"2012-01-03T19:11:45","modified_gmt":"2012-01-03T19:11:45","slug":"barbosa-comandara-operador-unico-de-rede-da-tv-publica","status":"publish","type":"post","link":"https:\/\/obscom.intervozes.org.br\/?p=26478","title":{"rendered":"Barbosa comandar\u00e1 operador \u00fanico de rede da TV p\u00fablica"},"content":{"rendered":"<p><span class=\"padrao\">O assessor da Casa Civil Andr&eacute; Barbosa deve assumir o projeto de expans&atilde;o da rede p&uacute;blica nacional de TV digital na pr&oacute;xima semana, quando o conselho de administra&ccedil;&atilde;o da Empresa Brasil de Comunica&ccedil;&atilde;o (EBC), em reuni&atilde;o ordin&aacute;ria, ir&aacute; referendar a cria&ccedil;&atilde;o da Superintend&ecirc;ncia de Suporte na companhia. A medida reativar&aacute; o processo de converg&ecirc;ncia de m&iacute;dias dentro do governo e resultar&aacute; em novo ingrediente nas discuss&otilde;es sobre a faixa de 700 MHz ap&oacute;s o desligamento da TV anal&oacute;gica, previsto para 2016, e que afetar&aacute; especialmente os canais p&uacute;blicos, caso seja destinada para a telefonia m&oacute;vel.<br \/>&nbsp;<br \/>A ida de Barbosa para a EBC j&aacute; est&aacute; praticamente acertada e resultar&aacute; em novo processo de edital para a cria&ccedil;&atilde;o do operador nacional &uacute;nico de rede p&uacute;blica da TV digital, que permitir&aacute; a digitaliza&ccedil;&atilde;o dos canais comunit&aacute;rios, legislativos, judici&aacute;rios e educativos a custos compartilhados. Na nova vers&atilde;o do edital, haver&aacute; integra&ccedil;&atilde;o do projeto com o Plano Nacional de Banda Larga (PNBL), que reduzir&aacute; custos por meio do compartilhamento de infraestrutura (backbone) e de compras (das 250 torres, por exemplo) com a Telebras.<\/p>\n<p>A revis&atilde;o deve reduzir a previs&atilde;o de custo inicial, de R$ 2,8 bilh&otilde;es em 20 anos, para a migra&ccedil;&atilde;o dos sinais das emissoras p&uacute;blicas do padr&atilde;o anal&oacute;gico para o digital, alcan&ccedil;ado todas as capitais e cidades com mais de cem mil habitantes. Isso representa sinal de mais qualidade e a custo inferior para as emissoras do campo p&uacute;blico, atendendo a 63% da popula&ccedil;&atilde;o brasileira.<\/p>\n<p>Paralelamente, o governo sinaliza tamb&eacute;m a inten&ccedil;&atilde;o em investir em conte&uacute;dos interativos para a TV p&uacute;blica, com o intuito de levar os servi&ccedil;os governamentais para a popula&ccedil;&atilde;o. Para isso, secret&aacute;rios executivos dos minist&eacute;rios das Comunica&ccedil;&otilde;es, Ci&ecirc;ncia, Tecnologia e Inova&ccedil;&atilde;o e Desenvolvimento j&aacute; est&atilde;o discutindo o lan&ccedil;amento de editais de subven&ccedil;&atilde;o para estimular a cria&ccedil;&atilde;o desses aplicativos. Nova reuni&atilde;o est&aacute; prevista para o pr&oacute;ximo dia 10.<\/span><\/p>\n","protected":false},"excerpt":{"rendered":"<p>O assessor da Casa Civil Andr&eacute; Barbosa deve assumir o projeto de expans&atilde;o da rede p&uacute;blica nacional de TV digital na pr&oacute;xima semana, quando o conselho de administra&ccedil;&atilde;o da Empresa Brasil de Comunica&ccedil;&atilde;o (EBC), em reuni&atilde;o ordin&aacute;ria, ir&aacute; referendar a cria&ccedil;&atilde;o da Superintend&ecirc;ncia de Suporte na companhia. A medida reativar&aacute; o processo de converg&ecirc;ncia de &hellip; <a href=\"https:\/\/obscom.intervozes.org.br\/?p=26478\" class=\"more-link\">Continue lendo <span class=\"screen-reader-text\">Barbosa comandar\u00e1 operador \u00fanico de rede da TV p\u00fablica<\/span> <span class=\"meta-nav\">&rarr;<\/span><\/a><\/p>\n","protected":false},"author":1,"featured_media":0,"comment_status":"open","ping_status":"open","sticky":false,"template":"","format":"standard","meta":{"footnotes":""},"categories":[40],"tags":[79],"_links":{"self":[{"href":"https:\/\/obscom.intervozes.org.br\/index.php?rest_route=\/wp\/v2\/posts\/26478"}],"collection":[{"href":"https:\/\/obscom.intervozes.org.br\/index.php?rest_route=\/wp\/v2\/posts"}],"about":[{"href":"https:\/\/obscom.intervozes.org.br\/index.php?rest_route=\/wp\/v2\/types\/post"}],"author":[{"embeddable":true,"href":"https:\/\/obscom.intervozes.org.br\/index.php?rest_route=\/wp\/v2\/users\/1"}],"replies":[{"embeddable":true,"href":"https:\/\/obscom.intervozes.org.br\/index.php?rest_route=%2Fwp%2Fv2%2Fcomments&post=26478"}],"version-history":[{"count":0,"href":"https:\/\/obscom.intervozes.org.br\/index.php?rest_route=\/wp\/v2\/posts\/26478\/revisions"}],"wp:attachment":[{"href":"https:\/\/obscom.intervozes.org.br\/index.php?rest_route=%2Fwp%2Fv2%2Fmedia&parent=26478"}],"wp:term":[{"taxonomy":"category","embeddable":true,"href":"https:\/\/obscom.intervozes.org.br\/index.php?rest_route=%2Fwp%2Fv2%2Fcategories&post=26478"},{"taxonomy":"post_tag","embeddable":true,"href":"https:\/\/obscom.intervozes.org.br\/index.php?rest_route=%2Fwp%2Fv2%2Ftags&post=26478"}],"curies":[{"name":"wp","href":"https:\/\/api.w.org\/{rel}","templated":true}]}}