{"id":26474,"date":"2012-01-02T18:29:32","date_gmt":"2012-01-02T18:29:32","guid":{"rendered":"https:\/\/obscom.intervozes.org.br\/wordpress\/?p=26474"},"modified":"2012-01-02T18:29:32","modified_gmt":"2012-01-02T18:29:32","slug":"eleicoes-2012-serao-palanque-para-pt-pregar-novo-marco-da-midia","status":"publish","type":"post","link":"https:\/\/obscom.intervozes.org.br\/?p=26474","title":{"rendered":"Elei\u00e7\u00f5es 2012 ser\u00e3o palanque para PT pregar novo marco da m\u00eddia"},"content":{"rendered":"<p><span class=\"padrao\">A necessidade de o Brasil democratizar seus meios de comunica&ccedil;&atilde;o &eacute; um tema que estar&aacute; no centro dos debates pol&iacute;ticos nas elei&ccedil;&otilde;es de 2012. No ano em que a imprensa derrubou um n&uacute;mero recorde de ministros com acusa&ccedil;&otilde;es nem sempre comprovadas, e ao mesmo tempo silenciou sobre o livro-den&uacute;ncia A Privataria Tucana, o PT decidiu usar as campanhas para prefeito em 2012 para colocar sua estrutura partid&aacute;ria a servi&ccedil;o da luta pela democratiza&ccedil;&atilde;o da m&iacute;dia.<\/p>\n<p>Em resolu&ccedil;&atilde;o do Diret&oacute;rio Nacional aprovada no in&iacute;cio de dezembro, durante encontro em Belo Horizonte (MG), o PT prega que seus candidatos e filiados aproveitem a elei&ccedil;&atilde;o para defender um novo marco regulat&oacute;rio para emissoras de r&aacute;dio e TV, em estudo no governo federal desde o fim da gest&atilde;o Lula.<\/p>\n<p>&ldquo;Isso significa incluir a comunica&ccedil;&atilde;o nas plataformas eleitorais, estimular candidaturas que levantem esta bandeira e se identifiquem com este movimento, articular a luta eleitoral com a luta social em torno deste movimento ao longo da campanha, assumir compromissos expl&iacute;citos no &acirc;mbito municipal&rdquo;, diz o documento.<\/p>\n<p>Na resolu&ccedil;&atilde;o, a c&uacute;pula petista apresenta um roteiro para ser seguido pelos filiados neste assunto durante a campanha. Diret&oacute;rios regionais e municipais devem mobilizar dirigentes, militantes, simpatizantes, parlamentares e gestores p&uacute;blicos (governadores, prefeitos, secret&aacute;rios, dentre outros). E recorrer a seus pr&oacute;prios instrumentos de comunica&ccedil;&atilde;o, como sites, boletins, redes sociais e blogs.<\/p>\n<p>O documento prop&otilde;e, ainda, que o partido estimule a realiza&ccedil;&atilde;o de semin&aacute;rios municipais e regionais para discutir o tema e apoie a cria&ccedil;&atilde;o de conselhos regionais de comunica&ccedil;&atilde;o.<\/p>\n<p><strong>A&ccedil;&otilde;es parlamentares<br \/><\/strong><br \/>Os petistas querem aproveitar as elei&ccedil;&otilde;es para enraizar os debates sobre democratiza&ccedil;&atilde;o da m&iacute;dia, mas sem descuidar das a&ccedil;&otilde;es parlamentares. A resolu&ccedil;&atilde;o determina que congressistas do PT cobrem da dire&ccedil;&atilde;o do Senado a volta do Conselho Comunica&ccedil;&atilde;o Social.<\/p>\n<p>Previsto na Constitui&ccedil;&atilde;o e criado por lei de 1991, o &oacute;rg&atilde;o deveria servir como espa&ccedil;o de debates sobre todo o cap&iacute;tulo constitucional que trata da Comunica&ccedil;&atilde;o Social. Mas foi implementado pela primeira vez apenas em 2002 e s&oacute; funcionou de fato por quatro anos. H&aacute; cinco, se encontra desativado.<\/p>\n<p>Ainda no parlamento, a resolu&ccedil;&atilde;o determina o apoio &agrave;s diferentes frentes pela democratiza&ccedil;&atilde;o da comunica&ccedil;&atilde;o, em especial, a Frente Parlamentar pela Liberdade de Express&atilde;o e o Direito &agrave; Comunica&ccedil;&atilde;o com Participa&ccedil;&atilde;o Popular, liderada pelos deputados Luiza Erundina (PSB-SP) e Emiliano Jos&eacute; (PT-BA). E a projetos de lei que versam sobre o assunto.<\/p>\n<p>O documento recomenda apoio tamb&eacute;m as in&uacute;meras frentes estaduais e municipais j&aacute; institu&iacute;das, al&eacute;m do est&iacute;mulo a cria&ccedil;&atilde;o nos locais em que ainda n&atilde;o existem.<\/p>\n<p><strong>Press&atilde;o no governo<br \/><\/strong><br \/>A resolu&ccedil;&atilde;o n&atilde;o foi o &uacute;nico movimento petista no sentido de tentar criar um clima pol&iacute;tico favor&aacute;vel &ndash; ou no m&iacute;nimo neutro &ndash; &agrave; discuss&atilde;o da democratiza&ccedil;&atilde;o da m&iacute;dia. Em setembro, o partido realizou o IV Congresso Nacional de seus 31 anos, e aprovou documento espec&iacute;fico sobre a democratiza&ccedil;&atilde;o da m&iacute;dia.<\/p>\n<p>Em novembro, o partido tamb&eacute;m promoveu um semin&aacute;rio nacional para discutir o assunto, nos moldes do que prop&otilde;e que seus filiados fa&ccedil;am em &acirc;mbito local, durante a campanha municipal de 2012.<\/p>\n<p>O objeto da cobi&ccedil;a petista &eacute; uma proposta de novo marco regulat&oacute;rio para emissoras de r&aacute;dio e TV. Apesar de o texto estar em elabora&ccedil;&atilde;o em um minist&eacute;rio que tem um petista &agrave; frente, Paulo Bernardo, das Comunica&ccedil;&otilde;es, passou 2011 inteiro sob an&aacute;lise. O governo deve colocar a proposta em consulta p&uacute;blica em 2012, antes de fech&aacute;-la.<\/p>\n<p>O projeto vai alterar n&atilde;o apenas o C&oacute;digo Brasileiro de Telecomunica&ccedil;&otilde;es, que em 2012 vai completar 50 anos, como tamb&eacute;m a Lei Geral das Telecomunica&ccedil;&otilde;es, que vai para os 15 anos. Segundo os petistas, ambas est&atilde;o defasadas depois da revolu&ccedil;&atilde;o proporcionada pela internet.<\/p>\n<p><\/span><\/p>\n","protected":false},"excerpt":{"rendered":"<p>A necessidade de o Brasil democratizar seus meios de comunica&ccedil;&atilde;o &eacute; um tema que estar&aacute; no centro dos debates pol&iacute;ticos nas elei&ccedil;&otilde;es de 2012. No ano em que a imprensa derrubou um n&uacute;mero recorde de ministros com acusa&ccedil;&otilde;es nem sempre comprovadas, e ao mesmo tempo silenciou sobre o livro-den&uacute;ncia A Privataria Tucana, o PT decidiu &hellip; <a href=\"https:\/\/obscom.intervozes.org.br\/?p=26474\" class=\"more-link\">Continue lendo <span class=\"screen-reader-text\">Elei\u00e7\u00f5es 2012 ser\u00e3o palanque para PT pregar novo marco da m\u00eddia<\/span> <span class=\"meta-nav\">&rarr;<\/span><\/a><\/p>\n","protected":false},"author":1,"featured_media":0,"comment_status":"open","ping_status":"open","sticky":false,"template":"","format":"standard","meta":{"footnotes":""},"categories":[40],"tags":[366],"_links":{"self":[{"href":"https:\/\/obscom.intervozes.org.br\/index.php?rest_route=\/wp\/v2\/posts\/26474"}],"collection":[{"href":"https:\/\/obscom.intervozes.org.br\/index.php?rest_route=\/wp\/v2\/posts"}],"about":[{"href":"https:\/\/obscom.intervozes.org.br\/index.php?rest_route=\/wp\/v2\/types\/post"}],"author":[{"embeddable":true,"href":"https:\/\/obscom.intervozes.org.br\/index.php?rest_route=\/wp\/v2\/users\/1"}],"replies":[{"embeddable":true,"href":"https:\/\/obscom.intervozes.org.br\/index.php?rest_route=%2Fwp%2Fv2%2Fcomments&post=26474"}],"version-history":[{"count":0,"href":"https:\/\/obscom.intervozes.org.br\/index.php?rest_route=\/wp\/v2\/posts\/26474\/revisions"}],"wp:attachment":[{"href":"https:\/\/obscom.intervozes.org.br\/index.php?rest_route=%2Fwp%2Fv2%2Fmedia&parent=26474"}],"wp:term":[{"taxonomy":"category","embeddable":true,"href":"https:\/\/obscom.intervozes.org.br\/index.php?rest_route=%2Fwp%2Fv2%2Fcategories&post=26474"},{"taxonomy":"post_tag","embeddable":true,"href":"https:\/\/obscom.intervozes.org.br\/index.php?rest_route=%2Fwp%2Fv2%2Ftags&post=26474"}],"curies":[{"name":"wp","href":"https:\/\/api.w.org\/{rel}","templated":true}]}}