{"id":26472,"date":"2012-01-02T18:05:16","date_gmt":"2012-01-02T18:05:16","guid":{"rendered":"https:\/\/obscom.intervozes.org.br\/wordpress\/?p=26472"},"modified":"2012-01-02T18:05:16","modified_gmt":"2012-01-02T18:05:16","slug":"norma-para-autorizacao-de-rtv-e-rptv-ganha-alteracoes","status":"publish","type":"post","link":"https:\/\/obscom.intervozes.org.br\/?p=26472","title":{"rendered":"Norma para autoriza\u00e7\u00e3o de RTV e RpTV ganha altera\u00e7\u00f5es"},"content":{"rendered":"<p><span class=\"padrao\">O Minist&eacute;rio das Comunica&ccedil;&otilde;es alterou alguns itens da nova norma de autoriza&ccedil;&atilde;o dos servi&ccedil;os de retransmiss&atilde;o (RTV) e repeti&ccedil;&atilde;o (RpTV) de televis&atilde;o, que foi implantada no in&iacute;cio de dezembro. A portaria de n&ordm; 561 foi publicada no Di&aacute;rio Oficial da Uni&atilde;o de ontem. Uma das principais mudan&ccedil;as estabelece prazo para que as retransmissoras pe&ccedil;am a altera&ccedil;&atilde;o da geradora da qual transmitem a programa&ccedil;&atilde;o.<\/p>\n<p>A partir de agora, as RTVs poder&atilde;o pedir para mudar de geradora ap&oacute;s 2 anos de transmiss&atilde;o do sinal para o qual o minist&eacute;rio concedeu a outorga. At&eacute; ent&atilde;o, n&atilde;o havia prazo definido. A altera&ccedil;&atilde;o da geradora s&oacute; era autorizada depois da realiza&ccedil;&atilde;o de consulta p&uacute;blica promovida pelo MiniCom junto aos telespectadores atingidos pelo servi&ccedil;o.<\/p>\n<p>A portaria tamb&eacute;m mudou a pontua&ccedil;&atilde;o para as entidades que j&aacute; haviam manifestado ao MiniCom interesse em executar o servi&ccedil;o de retransmiss&atilde;o em determinado munic&iacute;pio. Concession&aacute;rias que demonstraram interesse at&eacute; 20 de julho de 2011 receber&atilde;o 1 ponto. Antes, elas ganhavam 5 pontos. O diretor do Departamento de Outorgas de Servi&ccedil;os de Comunica&ccedil;&atilde;o do minist&eacute;rio, Dermeval da Silva Junior, explica que o objetivo &eacute; adequar a pontua&ccedil;&atilde;o deste item para que ele seja relevante apenas para o desempate entre duas entidades concorrentes ao mesmo canal disponibilizado.<\/p>\n<p>Outra medida &eacute; que o secret&aacute;rio de Servi&ccedil;os de Comunica&ccedil;&atilde;o Eletr&ocirc;nica do MiniCom tamb&eacute;m passar&aacute; a ter compet&ecirc;ncia para outorgar o servi&ccedil;o de repeti&ccedil;&atilde;o de televis&atilde;o. O objetivo &eacute; acelerar o processo de autoriza&ccedil;&otilde;es.<\/p>\n<p>Na primeira semana de dezembro, o Minist&eacute;rio das Comunica&ccedil;&otilde;es atualizou a norma de autoriza&ccedil;&atilde;o para os servi&ccedil;os de RTV e RpTV. A nova norma define crit&eacute;rios objetivos para a sele&ccedil;&atilde;o de entidades interessadas em obter a autoriza&ccedil;&atilde;o para executar o servi&ccedil;o, al&eacute;m de estabelecer procedimentos e condi&ccedil;&otilde;es tanto para tecnologia anal&oacute;gica quanto digital. Al&eacute;m disso, o documento trouxe o Plano Nacional de Outorgas para Retransmissoras de TV, que ser&aacute; lan&ccedil;ado a partir de 2012.<\/span><\/p>\n","protected":false},"excerpt":{"rendered":"<p>O Minist&eacute;rio das Comunica&ccedil;&otilde;es alterou alguns itens da nova norma de autoriza&ccedil;&atilde;o dos servi&ccedil;os de retransmiss&atilde;o (RTV) e repeti&ccedil;&atilde;o (RpTV) de televis&atilde;o, que foi implantada no in&iacute;cio de dezembro. A portaria de n&ordm; 561 foi publicada no Di&aacute;rio Oficial da Uni&atilde;o de ontem. Uma das principais mudan&ccedil;as estabelece prazo para que as retransmissoras pe&ccedil;am a &hellip; <a href=\"https:\/\/obscom.intervozes.org.br\/?p=26472\" class=\"more-link\">Continue lendo <span class=\"screen-reader-text\">Norma para autoriza\u00e7\u00e3o de RTV e RpTV ganha altera\u00e7\u00f5es<\/span> <span class=\"meta-nav\">&rarr;<\/span><\/a><\/p>\n","protected":false},"author":1,"featured_media":0,"comment_status":"open","ping_status":"open","sticky":false,"template":"","format":"standard","meta":{"footnotes":""},"categories":[40],"tags":[366],"_links":{"self":[{"href":"https:\/\/obscom.intervozes.org.br\/index.php?rest_route=\/wp\/v2\/posts\/26472"}],"collection":[{"href":"https:\/\/obscom.intervozes.org.br\/index.php?rest_route=\/wp\/v2\/posts"}],"about":[{"href":"https:\/\/obscom.intervozes.org.br\/index.php?rest_route=\/wp\/v2\/types\/post"}],"author":[{"embeddable":true,"href":"https:\/\/obscom.intervozes.org.br\/index.php?rest_route=\/wp\/v2\/users\/1"}],"replies":[{"embeddable":true,"href":"https:\/\/obscom.intervozes.org.br\/index.php?rest_route=%2Fwp%2Fv2%2Fcomments&post=26472"}],"version-history":[{"count":0,"href":"https:\/\/obscom.intervozes.org.br\/index.php?rest_route=\/wp\/v2\/posts\/26472\/revisions"}],"wp:attachment":[{"href":"https:\/\/obscom.intervozes.org.br\/index.php?rest_route=%2Fwp%2Fv2%2Fmedia&parent=26472"}],"wp:term":[{"taxonomy":"category","embeddable":true,"href":"https:\/\/obscom.intervozes.org.br\/index.php?rest_route=%2Fwp%2Fv2%2Fcategories&post=26472"},{"taxonomy":"post_tag","embeddable":true,"href":"https:\/\/obscom.intervozes.org.br\/index.php?rest_route=%2Fwp%2Fv2%2Ftags&post=26472"}],"curies":[{"name":"wp","href":"https:\/\/api.w.org\/{rel}","templated":true}]}}