{"id":26468,"date":"2011-12-22T15:56:08","date_gmt":"2011-12-22T15:56:08","guid":{"rendered":"https:\/\/obscom.intervozes.org.br\/wordpress\/?p=26468"},"modified":"2011-12-22T15:56:08","modified_gmt":"2011-12-22T15:56:08","slug":"decreto-estabelece-cota-minima-para-exibicao-de-filmes-nacionais","status":"publish","type":"post","link":"https:\/\/obscom.intervozes.org.br\/?p=26468","title":{"rendered":"Decreto estabelece cota m\u00ednima para exibi\u00e7\u00e3o de filmes nacionais"},"content":{"rendered":"<p><span class=\"padrao\">Em 2012, os cinemas de todo o pa&iacute;s ter&atilde;o que exibir entre tr&ecirc;s e 14 diferentes filmes nacionais de longa-metragem por um tempo m&iacute;nimo que varia conforme o n&uacute;mero de salas em funcionamento. A cota m&iacute;nima de exibi&ccedil;&atilde;o consta do Decreto 7.647, assinado pela presidenta Dilma Rousseff e publicado hoje (22) no Di&aacute;rio Oficial da Uni&atilde;o.<\/p>\n<p>Regulamentada pela Ag&ecirc;ncia Nacional de Cinema (Ancine), a chamada Cota de Tela &eacute; um instrumento legal adotado por v&aacute;rios pa&iacute;ses com o objetivo de promover a competitividade e a sustentabilidade da ind&uacute;stria cinematogr&aacute;fica nacional. No Brasil, segundo a Ancine, a &ldquo;reserva de dias&rdquo; vem sendo empregada desde a d&eacute;cada de 1930, sendo reeditada e aprimorada anualmente conforme o desenvolvimento e as necessidades da ind&uacute;stria cinematogr&aacute;fica. Desde a d&eacute;cada de 1990 a Cota de Tela &eacute; fixada por meio de decreto presidencial.<\/p>\n<p>Para 2012, o decreto estabelece a cota m&iacute;nima de tr&ecirc;s diferentes filmes brasileiros a serem exibidos por pelo menos 28 dias em cinemas com apenas uma sala. Tanto a quantidade m&iacute;nima de t&iacute;tulos, quanto a de dias de exibi&ccedil;&atilde;o varia conforme o n&uacute;mero de salas do complexo de exibi&ccedil;&atilde;o. Em estabelecimentos com 20 salas, por exemplo, a soma da exibi&ccedil;&atilde;o de ao menos 14 diferentes filmes brasileiros ter&aacute; que totalizar um m&iacute;nimo de 644 dias.<\/p>\n<p>O n&uacute;mero de t&iacute;tulos obrigat&oacute;rios e de dias para 2012 &eacute; o mesmo que vigorou este ano. O n&uacute;mero de dias m&iacute;nimos de exibi&ccedil;&atilde;o, ali&aacute;s, n&atilde;o sofre altera&ccedil;&otilde;es desde 2005. No ano passado, a Ancine justificou a maior exig&ecirc;ncia quanto &agrave; diversidade de obras pelo crescimento do n&uacute;mero de lan&ccedil;amentos anual, que aumentou de 30 t&iacute;tulos em 2001 para cerca de 80 novas obras no bi&ecirc;nio 2009-2010.<\/span><\/p>\n","protected":false},"excerpt":{"rendered":"<p>Em 2012, os cinemas de todo o pa&iacute;s ter&atilde;o que exibir entre tr&ecirc;s e 14 diferentes filmes nacionais de longa-metragem por um tempo m&iacute;nimo que varia conforme o n&uacute;mero de salas em funcionamento. A cota m&iacute;nima de exibi&ccedil;&atilde;o consta do Decreto 7.647, assinado pela presidenta Dilma Rousseff e publicado hoje (22) no Di&aacute;rio Oficial da &hellip; <a href=\"https:\/\/obscom.intervozes.org.br\/?p=26468\" class=\"more-link\">Continue lendo <span class=\"screen-reader-text\">Decreto estabelece cota m\u00ednima para exibi\u00e7\u00e3o de filmes nacionais<\/span> <span class=\"meta-nav\">&rarr;<\/span><\/a><\/p>\n","protected":false},"author":1,"featured_media":0,"comment_status":"open","ping_status":"open","sticky":false,"template":"","format":"standard","meta":{"footnotes":""},"categories":[40],"tags":[414],"_links":{"self":[{"href":"https:\/\/obscom.intervozes.org.br\/index.php?rest_route=\/wp\/v2\/posts\/26468"}],"collection":[{"href":"https:\/\/obscom.intervozes.org.br\/index.php?rest_route=\/wp\/v2\/posts"}],"about":[{"href":"https:\/\/obscom.intervozes.org.br\/index.php?rest_route=\/wp\/v2\/types\/post"}],"author":[{"embeddable":true,"href":"https:\/\/obscom.intervozes.org.br\/index.php?rest_route=\/wp\/v2\/users\/1"}],"replies":[{"embeddable":true,"href":"https:\/\/obscom.intervozes.org.br\/index.php?rest_route=%2Fwp%2Fv2%2Fcomments&post=26468"}],"version-history":[{"count":0,"href":"https:\/\/obscom.intervozes.org.br\/index.php?rest_route=\/wp\/v2\/posts\/26468\/revisions"}],"wp:attachment":[{"href":"https:\/\/obscom.intervozes.org.br\/index.php?rest_route=%2Fwp%2Fv2%2Fmedia&parent=26468"}],"wp:term":[{"taxonomy":"category","embeddable":true,"href":"https:\/\/obscom.intervozes.org.br\/index.php?rest_route=%2Fwp%2Fv2%2Fcategories&post=26468"},{"taxonomy":"post_tag","embeddable":true,"href":"https:\/\/obscom.intervozes.org.br\/index.php?rest_route=%2Fwp%2Fv2%2Ftags&post=26468"}],"curies":[{"name":"wp","href":"https:\/\/api.w.org\/{rel}","templated":true}]}}