{"id":26465,"date":"2011-12-22T15:11:40","date_gmt":"2011-12-22T15:11:40","guid":{"rendered":"https:\/\/obscom.intervozes.org.br\/wordpress\/?p=26465"},"modified":"2011-12-22T15:11:40","modified_gmt":"2011-12-22T15:11:40","slug":"audiencia-publica-debate-irregularidades-na-concessao-de-radio-e-tv","status":"publish","type":"post","link":"https:\/\/obscom.intervozes.org.br\/?p=26465","title":{"rendered":"Audi\u00eancia p\u00fablica debate irregularidades na concess\u00e3o de r\u00e1dio e TV"},"content":{"rendered":"<p><span class=\"padrao\">Na &uacute;ltima quinta-feira (15), a Comiss&atilde;o de Ci&ecirc;ncia, Tecnologia, Comunica&ccedil;&atilde;o e Inform&aacute;tica (CCTCI) da C&acirc;mara de Deputados promoveu uma audi&ecirc;ncia p&uacute;blica para discutir as sub-concess&otilde;es, arrendamentos e aliena&ccedil;&otilde;es para terceiros de emissoras de r&aacute;dio e TV. Por&eacute;m, a aus&ecirc;ncia de sete emissoras convidadas comprometeu o debate sobre as irregularidades de concess&atilde;o na radiodifus&atilde;o no Brasil. <\/p>\n<p>Segundo o deputado Paulo Foletto (PSB-ES), que presidiu a sess&atilde;o, as emissoras n&atilde;o deram resposta ao convite da comiss&atilde;o. &ldquo;As emissoras realmente se consideram acima do bem e do mal, pois n&atilde;o vieram dar explica&ccedil;&otilde;es &agrave; comiss&atilde;o&rdquo;, afirmou. Foram convidados representantes da Associa&ccedil;&atilde;o Brasileira de Emissoras de R&aacute;dio e Televis&atilde;o (Abert), da Associa&ccedil;&atilde;o Brasileira de Radiodifusores (Abra), do Grupo Silvio Santos, da Rede Record, das Organiza&ccedil;&otilde;es Globo, do Grupo Bandeirantes, da MIX TV e da Mega TV.<\/p>\n<p>A audi&ecirc;ncia foi proposta pela deputada Luiza Erundina (PSB-SP) no come&ccedil;o do ano e j&aacute; havia sido adiada no m&ecirc;s de dezembro pelo aus&ecirc;ncia dos representantes dos radiodifusores. A proposta foi baseado no parecer elaborado pelo jurista F&aacute;bio Comparato e aprovado pelo Conselho Federal da Ordem dos Advogados do Brasil (OAB) em 2009.<\/p>\n<p>O parecer de Comparato destaca o reconhecimento das atividades de radiodifus&atilde;o como servi&ccedil;o p&uacute;blico, sendo ilegal aos concession&aacute;rios o&nbsp; arrendamento ou aliena&ccedil;&atilde;o a terceiro. A legisla&ccedil;&atilde;o brasileira permitiria apenas a subconcess&atilde;o, mas desde que prevista no contrato de concess&atilde;o e&nbsp; autorizada pelo poder p&uacute;blico.<\/p>\n<p><strong>Legisla&ccedil;&atilde;o<\/strong><\/p>\n<p>O Art. 175 da constitui&ccedil;&atilde;o prev&ecirc; que a presta&ccedil;&atilde;o de servi&ccedil;os p&uacute;blicos sob o regime de concess&atilde;o ou permiss&atilde;o deve ser realizada sempre por meio de licita&ccedil;&atilde;o, sendo de responsabilidade do poder p&uacute;blico a avalia&ccedil;&atilde;o do cumprimento dos contratos. <\/p>\n<p>A deputada Luiza Erundina apresento um requerimento para a cria&ccedil;&atilde;o de uma auditoria nas concess&otilde;es de r&aacute;diofus&atilde;o pelo Tribunal de Contas da Uni&atilde;o (TCU). Com isso, a deputada prop&otilde;e a fiscaliza&ccedil;&atilde;o e o cumprimento dos contratatos, verificando como est&atilde;o sendo realizadas as concess&otilde;es e aliena&ccedil;&otilde;es das concess&otilde;es de r&aacute;dio e TV. <\/p>\n<p>Segundo Erundina, a aus&ecirc;ncia dos concession&aacute;rios no debate sugere omiss&atilde;o de quem deve explicar ao Congresso poss&iacute;veis irregularidades. &ldquo;H&aacute; um interesse econ&ocirc;mico em detrimento do p&uacute;blico, a sociedade precisa estar consciente de que est&aacute; sendo fraudada&rdquo;, reitera. <\/p>\n<p>Ven&iacute;cio Lima, professor aposentado da Universidade de Bras&iacute;lia (UnB), afirmou que cabe ao Minist&eacute;rio das Comunica&ccedil;&otilde;es fiscalizar as concess&otilde;es de r&aacute;dio e TV. Ele ressaltou ainda a omiss&atilde;o do Congresso Nacional em regulamentar os dispositivos da Constitui&ccedil;&atilde;o referentes &agrave; comunica&ccedil;&atilde;o social,&nbsp; j&aacute; passados 20 anos de sua promulga&ccedil;&atilde;o.<\/p>\n<p>Ven&iacute;cio diz que h&aacute; expectativa de que em 2012 chegue o projeto de marco regulat&oacute;rio para as comunica&ccedil;&otilde;es que contemple a obrigatoriedade do debate sobre a fiscaliza&ccedil;&atilde;o das concess&otilde;es.<\/p>\n<p><strong>Ilegalidade<\/strong><\/p>\n<p>Jo&atilde;o Brant, coordenador do Intervozes &#8211; Coletivo Brasil de Comunica&ccedil;&atilde;o Social , afirmou que existem duas pr&aacute;ticas ilegais no Brasil. A primeira &eacute; o arrendamento parcial ou venda de parte da grade hor&aacute;ria das emissoras de r&aacute;dio e TV. E a segunda a subconcess&atilde;o ou venda da concess&atilde;o, principalemente por meio de contrato de gaveta.<\/p>\n<p>Segundo Brant, essas pr&aacute;ticas diferem da publicidade, que pode ocupar at&eacute; 25% do tempo di&aacute;rio da programa&ccedil;&atilde;o da emissora. &ldquo;Se a venda de espa&ccedil;o na programa&ccedil;&atilde;o fosse entendida como publicidade, teria de seguir o limite de 25% previsto na legisla&ccedil;&atilde;o&rdquo;, afirmou.<\/p>\n<p>De acordo com o representante do Intervozes, h&aacute; emissoras que vendem at&eacute; 22 horas da sua grade hor&aacute;ria, como o grupo Bandeirantes, deixando de cumprir a constitui&ccedil;&atilde;o e o qu&ecirc; est&aacute; escrito no contrato de concess&atilde;o. <\/p>\n<p>Algumas emissoras se defendem dizendo que est&atilde;o de acordo com o art. 221 que prev&ecirc; um percentual de produ&ccedil;&atilde;o regional e est&iacute;mulo &agrave; produ&ccedil;&atilde;o independente. Para Jo&atilde;o Brant, o est&iacute;mulo a que se refere o artigo &eacute; a amplia&ccedil;&atilde;o da pluralidade e diversidade de atores nos ve&iacute;culos e n&atilde;o v&iacute;nculos comerciais.&nbsp; &ldquo;As emissoras pensam que a concess&atilde;o &eacute; uma carta branca para realizar qualquer coisa. H&aacute; uma grilagem eletr&ocirc;nica, apropria&ccedil;&atilde;o privada dos bens p&uacute;blicos&rdquo;, afirma. <\/p>\n<p><strong>TVS educativas<\/strong><\/p>\n<p>O deputado Sandro Alex (PPS-PR) afirmou que existem TVs educativas em que pol&iacute;ticos arrendam hor&aacute;rios com propagandas comerciais. A licita&ccedil;&atilde;o para renova&ccedil;&atilde;o &eacute; obrigat&oacute;ria para ve&iacute;culos comerciais e dispens&aacute;vel para os educativos. Isso deixa espa&ccedil;o para que as outorgas educativas sejam usadas como comerciais.<\/span><\/p>\n","protected":false},"excerpt":{"rendered":"<p>Na &uacute;ltima quinta-feira (15), a Comiss&atilde;o de Ci&ecirc;ncia, Tecnologia, Comunica&ccedil;&atilde;o e Inform&aacute;tica (CCTCI) da C&acirc;mara de Deputados promoveu uma audi&ecirc;ncia p&uacute;blica para discutir as sub-concess&otilde;es, arrendamentos e aliena&ccedil;&otilde;es para terceiros de emissoras de r&aacute;dio e TV. Por&eacute;m, a aus&ecirc;ncia de sete emissoras convidadas comprometeu o debate sobre as irregularidades de concess&atilde;o na radiodifus&atilde;o no Brasil. &hellip; <a href=\"https:\/\/obscom.intervozes.org.br\/?p=26465\" class=\"more-link\">Continue lendo <span class=\"screen-reader-text\">Audi\u00eancia p\u00fablica debate irregularidades na concess\u00e3o de r\u00e1dio e TV<\/span> <span class=\"meta-nav\">&rarr;<\/span><\/a><\/p>\n","protected":false},"author":1,"featured_media":0,"comment_status":"open","ping_status":"open","sticky":false,"template":"","format":"standard","meta":{"footnotes":""},"categories":[40],"tags":[366],"_links":{"self":[{"href":"https:\/\/obscom.intervozes.org.br\/index.php?rest_route=\/wp\/v2\/posts\/26465"}],"collection":[{"href":"https:\/\/obscom.intervozes.org.br\/index.php?rest_route=\/wp\/v2\/posts"}],"about":[{"href":"https:\/\/obscom.intervozes.org.br\/index.php?rest_route=\/wp\/v2\/types\/post"}],"author":[{"embeddable":true,"href":"https:\/\/obscom.intervozes.org.br\/index.php?rest_route=\/wp\/v2\/users\/1"}],"replies":[{"embeddable":true,"href":"https:\/\/obscom.intervozes.org.br\/index.php?rest_route=%2Fwp%2Fv2%2Fcomments&post=26465"}],"version-history":[{"count":0,"href":"https:\/\/obscom.intervozes.org.br\/index.php?rest_route=\/wp\/v2\/posts\/26465\/revisions"}],"wp:attachment":[{"href":"https:\/\/obscom.intervozes.org.br\/index.php?rest_route=%2Fwp%2Fv2%2Fmedia&parent=26465"}],"wp:term":[{"taxonomy":"category","embeddable":true,"href":"https:\/\/obscom.intervozes.org.br\/index.php?rest_route=%2Fwp%2Fv2%2Fcategories&post=26465"},{"taxonomy":"post_tag","embeddable":true,"href":"https:\/\/obscom.intervozes.org.br\/index.php?rest_route=%2Fwp%2Fv2%2Ftags&post=26465"}],"curies":[{"name":"wp","href":"https:\/\/api.w.org\/{rel}","templated":true}]}}