{"id":26464,"date":"2011-12-21T19:19:47","date_gmt":"2011-12-21T19:19:47","guid":{"rendered":"https:\/\/obscom.intervozes.org.br\/wordpress\/?p=26464"},"modified":"2014-09-07T03:02:26","modified_gmt":"2014-09-07T03:02:26","slug":"confederacao-repudia-cena-de-assedio-moral-em-novela","status":"publish","type":"post","link":"https:\/\/obscom.intervozes.org.br\/?p=26464","title":{"rendered":"Confedera\u00e7\u00e3o repudia cena de ass\u00e9dio moral em novela"},"content":{"rendered":"<p><strong>Reda&ccedil;&atilde;o &#8211; Observat&oacute;rio do Direito &agrave; Comunica&ccedil;&atilde;o<\/strong><\/p>\n<p>A Confedera&ccedil;&atilde;o Nacional dos Trabalhadores no Com&eacute;rcio e Servi&ccedil;os (CONTRACS-CUT) publicou nota repudiando uma cena de ass&eacute;dio moral exibida pela TV Globo no &uacute;ltimo dia (14\/12), durante a novela &ldquo;Aquele Beijo&rdquo;. A cena mostra os trabalhadores do com&eacute;rcio sendo desrespeitado e humilhados pelo superior no ambiente de trabalho, de maneira a incentivar e banalizar a pr&aacute;tica do ass&eacute;dio.<\/p>\n<p>A Confedera&ccedil;&atilde;o sugere uma revis&atilde;o no roteiro da novela mostrando formas de combate ao ass&eacute;dio moral, j&aacute; que o ass&eacute;dio moral afeta milhares de trabalhadores no pa&iacute;s. Confira a <a href=\"http:\/\/localhost\/intervozes_direitoacomunicacao\/wordpress\/?p=20743\" target=\"_blank\">nota da CONTRACS.<\/a> <\/p>\n","protected":false},"excerpt":{"rendered":"<p>Reda&ccedil;&atilde;o &#8211; Observat&oacute;rio do Direito &agrave; Comunica&ccedil;&atilde;o A Confedera&ccedil;&atilde;o Nacional dos Trabalhadores no Com&eacute;rcio e Servi&ccedil;os (CONTRACS-CUT) publicou nota repudiando uma cena de ass&eacute;dio moral exibida pela TV Globo no &uacute;ltimo dia (14\/12), durante a novela &ldquo;Aquele Beijo&rdquo;. A cena mostra os trabalhadores do com&eacute;rcio sendo desrespeitado e humilhados pelo superior no ambiente de trabalho, &hellip; <a href=\"https:\/\/obscom.intervozes.org.br\/?p=26464\" class=\"more-link\">Continue lendo <span class=\"screen-reader-text\">Confedera\u00e7\u00e3o repudia cena de ass\u00e9dio moral em novela<\/span> <span class=\"meta-nav\">&rarr;<\/span><\/a><\/p>\n","protected":false},"author":1,"featured_media":0,"comment_status":"open","ping_status":"open","sticky":false,"template":"","format":"standard","meta":{"footnotes":""},"categories":[39],"tags":[],"_links":{"self":[{"href":"https:\/\/obscom.intervozes.org.br\/index.php?rest_route=\/wp\/v2\/posts\/26464"}],"collection":[{"href":"https:\/\/obscom.intervozes.org.br\/index.php?rest_route=\/wp\/v2\/posts"}],"about":[{"href":"https:\/\/obscom.intervozes.org.br\/index.php?rest_route=\/wp\/v2\/types\/post"}],"author":[{"embeddable":true,"href":"https:\/\/obscom.intervozes.org.br\/index.php?rest_route=\/wp\/v2\/users\/1"}],"replies":[{"embeddable":true,"href":"https:\/\/obscom.intervozes.org.br\/index.php?rest_route=%2Fwp%2Fv2%2Fcomments&post=26464"}],"version-history":[{"count":1,"href":"https:\/\/obscom.intervozes.org.br\/index.php?rest_route=\/wp\/v2\/posts\/26464\/revisions"}],"predecessor-version":[{"id":28279,"href":"https:\/\/obscom.intervozes.org.br\/index.php?rest_route=\/wp\/v2\/posts\/26464\/revisions\/28279"}],"wp:attachment":[{"href":"https:\/\/obscom.intervozes.org.br\/index.php?rest_route=%2Fwp%2Fv2%2Fmedia&parent=26464"}],"wp:term":[{"taxonomy":"category","embeddable":true,"href":"https:\/\/obscom.intervozes.org.br\/index.php?rest_route=%2Fwp%2Fv2%2Fcategories&post=26464"},{"taxonomy":"post_tag","embeddable":true,"href":"https:\/\/obscom.intervozes.org.br\/index.php?rest_route=%2Fwp%2Fv2%2Ftags&post=26464"}],"curies":[{"name":"wp","href":"https:\/\/api.w.org\/{rel}","templated":true}]}}