{"id":26454,"date":"2011-12-21T15:15:24","date_gmt":"2011-12-21T15:15:24","guid":{"rendered":"https:\/\/obscom.intervozes.org.br\/wordpress\/?p=26454"},"modified":"2011-12-21T15:15:24","modified_gmt":"2011-12-21T15:15:24","slug":"radios-comunitarias-cobram-agilidade-do-ministerio-das-comunicacoes-em-audiencia-publica","status":"publish","type":"post","link":"https:\/\/obscom.intervozes.org.br\/?p=26454","title":{"rendered":"R\u00e1dios Comunit\u00e1rias cobram agilidade do Minist\u00e9rio das Comunica\u00e7\u00f5es em audi\u00eancia p\u00fablica"},"content":{"rendered":"<p><span class=\"padrao\">Em audi&ecirc;ncia p&uacute;blica com Minist&eacute;rio das Comunica&ccedil;&otilde;es lideran&ccedil;as das R&aacute;dios Comunit&aacute;rias do estado de S&atilde;o Paulo entregam documento com reivindica&ccedil;&otilde;es e reivindicam o fim das persegui&ccedil;&otilde;es e multas da Anatel<\/p>\n<p>Na ter&ccedil;a-feira, 13 de dezembro, na C&acirc;mara Municipal de Campinas, aconteceu uma Audi&ecirc;ncia P&uacute;blica como o Coordenador Geral de Radiodifus&atilde;o Comunit&aacute;ria do Minist&eacute;rio das Comunica&ccedil;&otilde;es, Ot&aacute;vio Pieranti. Participaram 184 pessoas representando 112 r&aacute;dios comunit&aacute;rias das 15 regi&otilde;es administrativas do estado de S&atilde;o Paulo.<\/p>\n<p>O espa&ccedil;o da C&acirc;mara Municipal de Campinas foi cedido pelo vereador S&eacute;rgio Benassi que na oportunidade esteve representado pela chefe de gabinete M&aacute;rcia Quintanilha.<\/p>\n<p>No per&iacute;odo da manh&atilde; as r&aacute;dios comunit&aacute;rias, filiadas &agrave; Abra&ccedil;o\/SP, realizaram uma assembl&eacute;ia extraordin&aacute;ria na qual foi aprovado por unanimidade um documento com as reivindica&ccedil;&otilde;es do movimento, que foi entregue ao representante do Minist&eacute;rio das Comunica&ccedil;&otilde;es. Dentre as reivindica&ccedil;&otilde;es destacam-se, a implementa&ccedil;&atilde;o das propostas aprovadas na Confer&ecirc;ncia Nacional de Comunica&ccedil;&atilde;o, realizada em dezembro de 2009; e anistia das multas aplicadas pela Anatel &agrave;s r&aacute;dios comunit&aacute;rias da mesma forma como foram anistiadas as r&aacute;dios comerciais; mudan&ccedil;as na legisla&ccedil;&atilde;o de radiodifus&atilde;o comunit&aacute;ria, a lei 9612\/98: amplia&ccedil;&atilde;o de canais e freq&uuml;&ecirc;ncias; aumento de pot&ecirc;ncia para 250 watts; maior agilidade nos processos de outorga.No ato da entrega do documento a Abra&ccedil;o solicitou que o Minist&eacute;rio das Comunica&ccedil;&otilde;es, atrav&eacute;s da Subsecretaria de Radiodifus&atilde;o Comunit&aacute;ria, d&ecirc; o mais breve poss&iacute;vel uma resposta de como vai atender as reivindica&ccedil;&otilde;es.<\/p>\n<p>Durante a audi&ecirc;ncia teve destaque as reclama&ccedil;&otilde;es contra a fiscaliza&ccedil;&atilde;o e multas aplicadas pela Anatel, pois, o &oacute;rg&atilde;o deveria orientar e dar prazos para que a emissora outorgada regularize a situa&ccedil;&atilde;o antes de aplicar a multa. O coordenador estadual da Abra&ccedil;o fez a denuncia de que o Governo Federal anistiou as multas das r&aacute;dios comerciais, avaliadas em mais de 180 milh&otilde;es de reais e n&atilde;o teve o mesmo procedimento para com as r&aacute;dios comunit&aacute;rias.<\/p>\n<p>Durante a assembl&eacute;ia e tamb&eacute;m na audi&ecirc;ncia p&uacute;blica foi destacada a luta de diversas entidades, dentre elas a pr&oacute;pria Abra&ccedil;o, pela democratiza&ccedil;&atilde;o da comunica&ccedil;&atilde;o no pa&iacute;s, que tem em sua pauta o Marco Regulat&oacute;rio, a Banda Larga, os Conselhos de Comunica&ccedil;&atilde;o, bem como outras quest&otilde;es pertinentes ao tema.<\/p>\n<p>Para Jerry de Oliveira, coordenador da Abra&ccedil;o\/SP, a audi&ecirc;ncia representou um importante avan&ccedil;o para as r&aacute;dios, mas ainda &eacute; muito pouco ou quase nada frente ao que as r&aacute;dios comunit&aacute;rias reivindicam. &ldquo;S&oacute; a unidade do movimento, a firmeza permanente &eacute; que vai garantir e ampliar as conquistas. Portanto, a Abra&ccedil;o sai desta assembl&eacute;ia e da audi&ecirc;ncia p&uacute;blica mais fortalecida e convicta de que cada vez mais &eacute; preciso &ldquo;ousar, transmitir e resistir&rdquo;.<\/span><\/p>\n","protected":false},"excerpt":{"rendered":"<p>Em audi&ecirc;ncia p&uacute;blica com Minist&eacute;rio das Comunica&ccedil;&otilde;es lideran&ccedil;as das R&aacute;dios Comunit&aacute;rias do estado de S&atilde;o Paulo entregam documento com reivindica&ccedil;&otilde;es e reivindicam o fim das persegui&ccedil;&otilde;es e multas da Anatel Na ter&ccedil;a-feira, 13 de dezembro, na C&acirc;mara Municipal de Campinas, aconteceu uma Audi&ecirc;ncia P&uacute;blica como o Coordenador Geral de Radiodifus&atilde;o Comunit&aacute;ria do Minist&eacute;rio das Comunica&ccedil;&otilde;es, &hellip; <a href=\"https:\/\/obscom.intervozes.org.br\/?p=26454\" class=\"more-link\">Continue lendo <span class=\"screen-reader-text\">R\u00e1dios Comunit\u00e1rias cobram agilidade do Minist\u00e9rio das Comunica\u00e7\u00f5es em audi\u00eancia p\u00fablica<\/span> <span class=\"meta-nav\">&rarr;<\/span><\/a><\/p>\n","protected":false},"author":1,"featured_media":0,"comment_status":"open","ping_status":"open","sticky":false,"template":"","format":"standard","meta":{"footnotes":""},"categories":[40],"tags":[366],"_links":{"self":[{"href":"https:\/\/obscom.intervozes.org.br\/index.php?rest_route=\/wp\/v2\/posts\/26454"}],"collection":[{"href":"https:\/\/obscom.intervozes.org.br\/index.php?rest_route=\/wp\/v2\/posts"}],"about":[{"href":"https:\/\/obscom.intervozes.org.br\/index.php?rest_route=\/wp\/v2\/types\/post"}],"author":[{"embeddable":true,"href":"https:\/\/obscom.intervozes.org.br\/index.php?rest_route=\/wp\/v2\/users\/1"}],"replies":[{"embeddable":true,"href":"https:\/\/obscom.intervozes.org.br\/index.php?rest_route=%2Fwp%2Fv2%2Fcomments&post=26454"}],"version-history":[{"count":0,"href":"https:\/\/obscom.intervozes.org.br\/index.php?rest_route=\/wp\/v2\/posts\/26454\/revisions"}],"wp:attachment":[{"href":"https:\/\/obscom.intervozes.org.br\/index.php?rest_route=%2Fwp%2Fv2%2Fmedia&parent=26454"}],"wp:term":[{"taxonomy":"category","embeddable":true,"href":"https:\/\/obscom.intervozes.org.br\/index.php?rest_route=%2Fwp%2Fv2%2Fcategories&post=26454"},{"taxonomy":"post_tag","embeddable":true,"href":"https:\/\/obscom.intervozes.org.br\/index.php?rest_route=%2Fwp%2Fv2%2Ftags&post=26454"}],"curies":[{"name":"wp","href":"https:\/\/api.w.org\/{rel}","templated":true}]}}