{"id":26453,"date":"2011-12-19T15:52:44","date_gmt":"2011-12-19T15:52:44","guid":{"rendered":"https:\/\/obscom.intervozes.org.br\/wordpress\/?p=26453"},"modified":"2011-12-19T15:52:44","modified_gmt":"2011-12-19T15:52:44","slug":"os-impactos-de-uma-possivel-mudanca-na-classificacao-indicativa","status":"publish","type":"post","link":"https:\/\/obscom.intervozes.org.br\/?p=26453","title":{"rendered":"Os impactos de uma poss\u00edvel mudan\u00e7a na Classifica\u00e7\u00e3o Indicativa"},"content":{"rendered":"<p><span class=\"padrao\">Os irm&atilde;os Miguel, Rafael e Gabriel t&ecirc;m respectivamente 5, 9 e 12 anos e cumprem uma rotina di&aacute;ria t&iacute;pica de muitas crian&ccedil;as brasileiras. S&atilde;o sacudidos cedo pela m&atilde;e e v&atilde;o juntos &agrave; escola do bairro localizada a poucos quarteir&otilde;es da casa onde vivem. No fim da aula, seguem a p&eacute; at&eacute; a casa da av&oacute;, onde ficam at&eacute; a m&atilde;e, L&uacute;cia Helena, retornar do trabalho. Ap&oacute;s o almo&ccedil;o, cumprem as tarefas de casa &ldquo;voando&rdquo; e correm pra frente da TV. Se n&atilde;o passa um filme ou desenho que chame a aten&ccedil;&atilde;o, ligam o videogame. Ali gastam o resto da tarde enquanto a v&oacute; ocupa-se das atividades dom&eacute;sticas. L&uacute;cia nem pensa muito quando a pergunta vem: &ldquo;Agora (por volta das 15h) o que os seus filhos est&atilde;o fazendo? &ldquo;Est&atilde;o vendo TV&rdquo;, dispara em tom de adivinha.<\/p>\n<p>A exemplo dos filhos de L&uacute;cia, as crian&ccedil;as brasileiras chegam a ficar entre 4 e 6 horas di&aacute;rias na companhia da televis&atilde;o. Segundo pesquisa do Ibope, no ano de 2008, as crian&ccedil;as entre quatro e 11 anos de idade, das classes ABCDE, dedicam em m&eacute;dia 4h54min por dia &agrave; televis&atilde;o. Do aparelhinho m&aacute;gico saltam os her&oacute;is e as hist&oacute;rias que permeiam a imagina&ccedil;&atilde;o de todos. De l&aacute; tamb&eacute;m, chinelos, bonecos e sandu&iacute;ches com meninos e meninas sorridentes. Miguel, certo dia, esperou a m&atilde;e ansioso at&eacute; as 6 da noite. &ldquo;M&atilde;e, me d&aacute; uma pistola igual daquele cara (apontando um personagem na TV)&rdquo;, disse euf&oacute;rico. Ficou de castigo para aprender que &ldquo;arma n&atilde;o &eacute; brinquedo&rdquo;. <\/p>\n<p>No &uacute;ltimo dia 30 de novembro, um pedido de vista do ministro do Supremo Tribunal Federal (STF) Joaquim Barbosa suspendeu o julgamento de A&ccedil;&atilde;o Direta de Inconstitucionalidade (ADI 2404) ajuizada pelo Partido Trabalhista Brasileiro (PTB) contra dispositivo do Estatuto da Crian&ccedil;a e do Adolescente (ECA) que classifica como infra&ccedil;&atilde;o administrativa a transmiss&atilde;o de programa de r&aacute;dio ou televis&atilde;o em hor&aacute;rio diverso do autorizado pelo governo federal. O dispositivo em quest&atilde;o &eacute; o artigo 254 que estabelece a chamada classifica&ccedil;&atilde;o indicativa. O que est&aacute; em jogo no tr&acirc;mite &eacute; o poder de incid&ecirc;ncia legal que o Estado deve ter sob os conte&uacute;dos dos programas veiculados pela televis&atilde;o e pelo r&aacute;dio, sobretudo em hor&aacute;rios em que a audi&ecirc;ncia &eacute; formada por crian&ccedil;as e adolescentes.<\/p>\n<p>Embora a classifica&ccedil;&atilde;o indicativa seja um mecanismo de prote&ccedil;&atilde;o da crian&ccedil;a e do adolescente previsto na Constitui&ccedil;&atilde;o Federal (art. 21, XVI e 220, &sect;3&#1637;) e tenha sido implantada no Brasil desde 2007, os requerentes do processo pretendem, sob a alega&ccedil;&atilde;o de ferir a liberdade de express&atilde;o, retirar o car&aacute;ter punitivo, que prev&ecirc; multas e san&ccedil;&otilde;es &agrave;s emissoras que descumprirem os hor&aacute;rios estabelecidos para a transmiss&atilde;o de acordo com a faixa et&aacute;ria a qual a programa&ccedil;&atilde;o &eacute; indicada. <\/p>\n<p><strong>Prote&ccedil;&atilde;o sob amea&ccedil;a<br \/><\/strong><br \/>O temor dos movimentos de direitos humanos &eacute; que a queda do dispositivo represente, em &uacute;ltima inst&acirc;ncia, a perda da efic&aacute;cia da classifica&ccedil;&atilde;o indicativa. &ldquo;Apesar de o Minist&eacute;rio da Justi&ccedil;a, ap&oacute;s in&uacute;meros estudos e longos debates, ter publicado uma portaria que faz a divis&atilde;o dos conte&uacute;dos de programa&ccedil;&atilde;o de acordo com as faixas et&aacute;rias, estabelecendo os hor&aacute;rios adequados para a sua veicula&ccedil;&atilde;o, na pr&aacute;tica as emissoras que n&atilde;o cumprirem essa regra n&atilde;o ser&atilde;o punidas&quot;, explica Ekaterine Karageorgiadis, advogada do Projeto Crian&ccedil;a e Consumo do Instituto Alana.<\/p>\n<p>Enquanto o tr&acirc;mite legal se desenrola no judici&aacute;rio, em Fortaleza (CE), num bairro que est&aacute; a tr&ecirc;s &ocirc;nibus do centro, Miguel, Rafael e Gabriel se amontoam na cama da m&atilde;e para ver a novela das nove. Num certo ponto, L&uacute;cia sente as ma&ccedil;&atilde;s do rosto avermelharem, inventa uma desculpa e muda o canal.&nbsp; &ldquo;N&atilde;o d&aacute; pra explicar certas coisas pros garotos t&atilde;o novos&rdquo;. O que L&uacute;cia n&atilde;o sabe &eacute; que aquele conte&uacute;do, destinado &agrave; faixa et&aacute;ria de 14 anos como indica a tarja no in&iacute;cio, poder&aacute; ser veiculado em qualquer hor&aacute;rio se o julgamento do STF for favor&aacute;vel a ADI.<\/p>\n<p>A Associa&ccedil;&atilde;o Brasileira de R&aacute;dio e Televis&atilde;o (Abert), que representa as emissoras do setor, defende a classifica&ccedil;&atilde;o indicativa como &ldquo;instrumento de informa&ccedil;&atilde;o &agrave; disposi&ccedil;&atilde;o dos pais, para que estes decidam o que seus filhos devem assistir&rdquo;. No entendimento da associa&ccedil;&atilde;o, o texto constitucional ressalta o car&aacute;ter indicativo da classifica&ccedil;&atilde;o utilizando verbos como &ldquo;recomendar&rdquo; e &ldquo;informar&rdquo;. Para Ekaterine, a classifica&ccedil;&atilde;o &eacute; indicativa para os pais, mas obrigat&oacute;ria para as emissoras de radiodifus&atilde;o. A advogada ressalta que as empresas s&atilde;o concession&aacute;rias de servi&ccedil;o p&uacute;blico e, portanto, devem veicular conte&uacute;dos &eacute;ticos que respeitem os valores da pessoa e da fam&iacute;lia de acordo com o artigo 221, cap&iacute;tulo IV da Constitui&ccedil;&atilde;o Federal. &nbsp;<\/p>\n<p>Jairo Ponte, advogado, mestre em direito na &aacute;rea de pol&iacute;ticas p&uacute;blicas de comunica&ccedil;&atilde;o, tamb&eacute;m defende que o artigo 254 do ECA n&atilde;o descumpre a constitui&ccedil;&atilde;o mas, ao contr&aacute;rio, regulamenta o conte&uacute;do dos artigos 220 e 221 que versam sobre a programa&ccedil;&atilde;o das empresas de radiodifus&atilde;o. Para ele, o ponto crucial est&aacute; no tocante &agrave; participa&ccedil;&atilde;o da sociedade civil na regula&ccedil;&atilde;o dos conte&uacute;dos conforme colocada na lei 10.359\/2001 (disp&otilde;e sobre a obrigatoriedade de os novos aparelhos de televis&atilde;o conterem dispositivo que possibilite o bloqueio tempor&aacute;rio da recep&ccedil;&atilde;o de programa&ccedil;&atilde;o inadequada). A lei estabelece que competir&aacute; ao Poder Executivo, ouvidas as entidades representativas das emissoras especificadas, proceder &agrave; classifica&ccedil;&atilde;o indicativa dos programas de televis&atilde;o.<\/p>\n<p>Desta forma, a popula&ccedil;&atilde;o estaria exclu&iacute;da do processo que estabelece as faixas et&aacute;rias e os hor&aacute;rios adequados a cada programa&ccedil;&atilde;o. &ldquo;O que mais surpreende no caso da ADI 2404 &eacute; que em meio aos fundamentos apresentados pelo relator, segundo li na imprensa, ele defendeu que houvesse uma auto-regula&ccedil;&atilde;o feito pelas pr&oacute;prias emissoras. Ou seja, n&oacute;s, telespectadores e ouvintes, somos livres apenas para escolher dentre aquilo que j&aacute; escolheram para vermos e ouvirmos&rdquo;, completa. <\/p>\n<p>Ap&oacute;s o pedido de vistas do ministro Joaquim Barbosa, a pauta da ADI 2404 aguarda vota&ccedil;&atilde;o. At&eacute; o fechamento desta reportagem a data n&atilde;o havia sido divulgada. Se for mantida a tend&ecirc;ncia da &uacute;ltima vota&ccedil;&atilde;o, onde quatro ministros foram favor&aacute;veis a ADI, como ficar&aacute; a programa&ccedil;&atilde;o? L&uacute;cia ensaia um progn&oacute;stico: &ldquo;Tenho certeza que se isso da&iacute; acontecer vai mudar pra pior (&#8230;). As nossas crian&ccedil;as que a gente preserva de tanta coisa feia que tem na rua agora v&atilde;o ter o exemplo da TV&rdquo;, responde preocupada.<br \/><\/span><\/p>\n","protected":false},"excerpt":{"rendered":"<p>A a&ccedil;&atilde;o movida pelo Partido Trabalhista Brasileiro (PTB) com apoio da Associa&ccedil;&atilde;o Brasileira das Emissoras de R&aacute;dio e TV, em vota&ccedil;&atilde;o no Supremo Tribunal Federal, pode desproteger a popula&ccedil;&atilde;o.<\/p>\n","protected":false},"author":1,"featured_media":0,"comment_status":"open","ping_status":"open","sticky":false,"template":"","format":"standard","meta":{"footnotes":""},"categories":[40],"tags":[1373],"_links":{"self":[{"href":"https:\/\/obscom.intervozes.org.br\/index.php?rest_route=\/wp\/v2\/posts\/26453"}],"collection":[{"href":"https:\/\/obscom.intervozes.org.br\/index.php?rest_route=\/wp\/v2\/posts"}],"about":[{"href":"https:\/\/obscom.intervozes.org.br\/index.php?rest_route=\/wp\/v2\/types\/post"}],"author":[{"embeddable":true,"href":"https:\/\/obscom.intervozes.org.br\/index.php?rest_route=\/wp\/v2\/users\/1"}],"replies":[{"embeddable":true,"href":"https:\/\/obscom.intervozes.org.br\/index.php?rest_route=%2Fwp%2Fv2%2Fcomments&post=26453"}],"version-history":[{"count":0,"href":"https:\/\/obscom.intervozes.org.br\/index.php?rest_route=\/wp\/v2\/posts\/26453\/revisions"}],"wp:attachment":[{"href":"https:\/\/obscom.intervozes.org.br\/index.php?rest_route=%2Fwp%2Fv2%2Fmedia&parent=26453"}],"wp:term":[{"taxonomy":"category","embeddable":true,"href":"https:\/\/obscom.intervozes.org.br\/index.php?rest_route=%2Fwp%2Fv2%2Fcategories&post=26453"},{"taxonomy":"post_tag","embeddable":true,"href":"https:\/\/obscom.intervozes.org.br\/index.php?rest_route=%2Fwp%2Fv2%2Ftags&post=26453"}],"curies":[{"name":"wp","href":"https:\/\/api.w.org\/{rel}","templated":true}]}}