{"id":26452,"date":"2011-12-16T19:16:53","date_gmt":"2011-12-16T19:16:53","guid":{"rendered":"https:\/\/obscom.intervozes.org.br\/wordpress\/?p=26452"},"modified":"2011-12-16T19:16:53","modified_gmt":"2011-12-16T19:16:53","slug":"stf-e-acionado-contra-concessao-de-radio-e-tv-a-politicos","status":"publish","type":"post","link":"https:\/\/obscom.intervozes.org.br\/?p=26452","title":{"rendered":"STF \u00e9 acionado contra concess\u00e3o de r\u00e1dio e TV a pol\u00edticos"},"content":{"rendered":"<p>[T&iacute;tulo Original: STF &eacute; acionado para acabar com concess&atilde;o de r&aacute;dio e TV a pol&iacute;ticos]<\/p>\n<p>Um dia ap&oacute;s Marinor Brito (PA) perder o mandato no Senado para o &ldquo;ficha suja&rdquo; Jader Barbalho (PMDB-PA), detentor das outorgas de v&aacute;rios ve&iacute;culos de comunica&ccedil;&atilde;o, o partido dela, PSOL, acionou o mesmo Supremo Tribunal Federal (STF) exatamente para questionar concess&otilde;es de r&aacute;dio e TV a pol&iacute;ticos com mandato.<\/p>\n<p>A a&ccedil;&atilde;o elenca 41 deputados e sete senadores que possuem concess&otilde;es em seus nomes. Para o PSOL, esse &eacute; at&eacute; um n&uacute;mero subestimado, pois n&atilde;o raro os pol&iacute;ticos t&ecirc;m parentes, empresas e laranjas por tr&aacute;s de concess&otilde;es.<\/p>\n<p>Segundo o PSOL, a pr&aacute;tica, al&eacute;m de inconstitucional, fragiliza a democracia brasileira e perpetua o chamado coronelismo eletr&ocirc;nico. &ldquo;Quem deve fiscalizar as concess&otilde;es de r&aacute;dio e TV no pa&iacute;s n&atilde;o pode control&aacute;-las&rdquo;, disse o presidente do partido, Ivan Valente.<\/p>\n<p>De acordo com ele, o objetivo da a&ccedil;&atilde;o &eacute; impedir novas concess&otilde;es para pol&iacute;ticos com mandato, coibir a renova&ccedil;&atilde;o das j&aacute; concedidas e proibir a diploma&ccedil;&atilde;o e posse daqueles que, por quaisquer motivos, venham driblar esse preceito constitucional.<\/p>\n<p>A alega&ccedil;&atilde;o de inconstitucionalidade se baseia no descumprimento de onze preceitos constitucionais, entre eles a liberdade de express&atilde;o, o direito &agrave; informa&ccedil;&atilde;o, o princ&iacute;pio da isonomia, a soberania pol&iacute;tica e a democracia.<\/p>\n<p>O ministro das Comunica&ccedil;&otilde;es, Paulo Bernardo, j&aacute; disse que &eacute; contra a concess&atilde;o de outorgas a pol&iacute;ticos, pelas mesmas raz&otilde;es apontadas pelo PSOL, e que o governo poderia incluir esse veto na proposta de marco regulat&oacute;rio da radiodifus&atilde;o, que est&aacute; em estudo. Mas ele acha tamb&eacute;m dificilmente a proposta passaria no Congresso, que n&atilde;o legislaria contra si.<\/p>\n<p>O partido diz que a a&ccedil;&atilde;o n&atilde;o foi motivada pela decis&atilde;o do Supremo que reconduziu Jader ao Senado &ndash; embora o paraense possa ser afetado, caso a corte aceite a a&ccedil;&atilde;o. J&aacute; vinha sendo articulada h&aacute; v&aacute;rios meses, a partir de levantamento apresentado pelo Coletivo Intervozes, uma organiza&ccedil;&atilde;o da sociedade civil que pesquisa a comunica&ccedil;&atilde;o no Brasil.<\/p>\n<p>&ldquo;Nos procuramos v&aacute;rios partidos ligados &agrave; causada da comunica&ccedil;&atilde;o, mas s&oacute; o PSOL se disp&ocirc;s a ingressar com a a&ccedil;&atilde;o em parceria conosco&rdquo;, disse o coordenador da organiza&ccedil;&atilde;o, Gesio Passos.<\/p>\n<p>Coronelismo eletr&ocirc;nico<br \/>Ivan Valente lembra que a distribui&ccedil;&atilde;o de canais de r&aacute;dio e TV vem sendo usada como moeda de troca na pol&iacute;tica brasileira desde a ditadura militar. &ldquo;O ex-presidente Jos&eacute; Sarney distribuiu quase cem canais para garantir a amplia&ccedil;&atilde;o do seu mandato. E os ex-presidentes FHC e Lula perpetuaram o modelo&rdquo;, denuncia ele.<\/p>\n<p>A fam&iacute;lia Sarney, inclusive, &eacute; usada como exemplo cl&aacute;ssico de coronelismo eletr&ocirc;nico. O ex-presidente Jos&eacute; Sarney n&atilde;o possui nenhum ve&iacute;culo em seu nome, mas a filha dele e governadora do estado, Roseana Sarney, e o filho e deputado, Sarney Filho (PV-MA), possuem v&aacute;rios, de diferentes modalidades.<\/p>\n<p>O lider do PSOL na C&acirc;mara, Chico Alencar (RJ), acredita que quem controla meio de comunica&ccedil;&atilde;o orienta o caminho da na&ccedil;&atilde;o. &ldquo;Esse fato absolutamente agressivo &agrave; Constitui&ccedil;&atilde;o brasileira, j&aacute; naturalizado, n&atilde;o pode continuar sem nenhuma rea&ccedil;&atilde;o da sociedade, porque adultera o processo eleitoral e limita a nossa j&aacute; fr&aacute;gil democracia&rdquo;.<\/p>\n<p>Para ele, s&atilde;o ilegalidades como esta que permitem que pol&iacute;ticos com a ficha suja, como Jader Barbalho, se perpetuem na pol&iacute;tica desde a ditadura, exercendo influencia na popula&ccedil;&atilde;o por meio de seus canais de r&aacute;dio e TV.<\/p>\n","protected":false},"excerpt":{"rendered":"<p>O PSOL entrou com um A&ccedil;&atilde;o de Descumprimento de Preceito Fundamental (ADPF) no Supremo Tribunal Federal (STF) para proibir o controle da concess&otilde;es de r&aacute;dio e TV por pol&iacute;ticos com mandato eletivo.<\/p>\n","protected":false},"author":1,"featured_media":0,"comment_status":"open","ping_status":"open","sticky":false,"template":"","format":"standard","meta":{"footnotes":""},"categories":[40],"tags":[1544],"_links":{"self":[{"href":"https:\/\/obscom.intervozes.org.br\/index.php?rest_route=\/wp\/v2\/posts\/26452"}],"collection":[{"href":"https:\/\/obscom.intervozes.org.br\/index.php?rest_route=\/wp\/v2\/posts"}],"about":[{"href":"https:\/\/obscom.intervozes.org.br\/index.php?rest_route=\/wp\/v2\/types\/post"}],"author":[{"embeddable":true,"href":"https:\/\/obscom.intervozes.org.br\/index.php?rest_route=\/wp\/v2\/users\/1"}],"replies":[{"embeddable":true,"href":"https:\/\/obscom.intervozes.org.br\/index.php?rest_route=%2Fwp%2Fv2%2Fcomments&post=26452"}],"version-history":[{"count":0,"href":"https:\/\/obscom.intervozes.org.br\/index.php?rest_route=\/wp\/v2\/posts\/26452\/revisions"}],"wp:attachment":[{"href":"https:\/\/obscom.intervozes.org.br\/index.php?rest_route=%2Fwp%2Fv2%2Fmedia&parent=26452"}],"wp:term":[{"taxonomy":"category","embeddable":true,"href":"https:\/\/obscom.intervozes.org.br\/index.php?rest_route=%2Fwp%2Fv2%2Fcategories&post=26452"},{"taxonomy":"post_tag","embeddable":true,"href":"https:\/\/obscom.intervozes.org.br\/index.php?rest_route=%2Fwp%2Fv2%2Ftags&post=26452"}],"curies":[{"name":"wp","href":"https:\/\/api.w.org\/{rel}","templated":true}]}}