{"id":26444,"date":"2011-12-15T20:59:06","date_gmt":"2011-12-15T20:59:06","guid":{"rendered":"https:\/\/obscom.intervozes.org.br\/wordpress\/?p=26444"},"modified":"2011-12-15T20:59:06","modified_gmt":"2011-12-15T20:59:06","slug":"nova-norma-e-questionada-por-radios-comunitarias","status":"publish","type":"post","link":"https:\/\/obscom.intervozes.org.br\/?p=26444","title":{"rendered":"Nova norma \u00e9 questionada por r\u00e1dios comunit\u00e1rias"},"content":{"rendered":"<p class=\"padrao\">Entidades ligadas &agrave;s r&aacute;dios comunit&aacute;rias reagiram com cr&iacute;ticas &agrave; portaria n&ordm;462 do Minist&eacute;rio das Comunica&ccedil;&otilde;es em audi&ecirc;ncia p&uacute;blica realizada nesta ter&ccedil;a (13) pela Frente Parlamentar pela Liberdade de Express&atilde;o e o Direito &agrave; Comunica&ccedil;&atilde;o com Participa&ccedil;&atilde;o Popular &ndash; Frentecom. A nova norma do Minist&eacute;rio, aprovada em outubro, estabelece novos crit&eacute;rios e procedimentos para autoriza&ccedil;&atilde;o de funcionamento de r&aacute;dios comunit&aacute;rias e institucionaliza os planos de outorgas para o setor. Nela s&atilde;o revistos conceitos importantes como o apoio cultural, a &aacute;rea de limite para transmiss&atilde;o das emissoras comunit&aacute;rias e os requisitos para que as entidades sem fins lucrativos possam concorrer a outorga. <\/p>\n<p class=\"padrao\">Jos&eacute; S&oacute;ter, coordenador da Associa&ccedil;&atilde;o Brasileira de Radiodifus&atilde;o Comunit&aacute;ria &#8211; Abra&ccedil;o, repudiou as novas limita&ccedil;&otilde;es impostas pela norma, que para ele contraria os objetivos da Lei n&ordm;9612. &quot;Os t&eacute;cnicos do Minist&eacute;rio est&atilde;o alheios &agrave;s propostas feita pelo Congresso Nacional em pensar as r&aacute;dios comunit&aacute;rias como servi&ccedil;o democr&aacute;tico de comunica&ccedil;&atilde;o&quot;, afirmou. Para Diocl&eacute;cio Luz, membro do Conselho Pol&iacute;tico da Associa&ccedil;&atilde;o Mundial de R&aacute;dios Comunit&aacute;rias &#8211; Amarc-Brasil, o governo assume &quot;uma posi&ccedil;&atilde;o fascista&quot; ao restringir e inviabilizar a comunica&ccedil;&atilde;o popular. <\/p>\n<p class=\"padrao\">O governo, por outro lado, rebateu as cr&iacute;ticas. O diretor do Departamento de Outorgas de Servi&ccedil;os do Minist&eacute;rio das Comunica&ccedil;&otilde;es, Demerval da Silva J&uacute;nior, apontou que a inten&ccedil;&atilde;o da portaria foi melhorar tudo que fosse poss&iacute;vel. Para ele a nova norma traz uma melhor defini&ccedil;&atilde;o de conceitos a serem aplicados &agrave; legisla&ccedil;&atilde;o e estabelece &quot;estrat&eacute;gias de universaliza&ccedil;&atilde;o e atendimento da demanda reprimida de autoriza&ccedil;&otilde;es em todo o territ&oacute;rio nacional&quot;. <\/p>\n<p class=\"padrao\">&nbsp;<\/p>\n<p><strong>Sustentabilidade <\/strong><\/p>\n<p class=\"padrao\">Diocl&eacute;cio Luz afirmou que a limita&ccedil;&atilde;o do apoio cultural presente na norma atende apenas aos interesses das grandes redes de comunica&ccedil;&atilde;o, que buscam evitar que as r&aacute;dios comunit&aacute;rias concorram na disputa de verbas comerciais. Silva Junior contrap&ocirc;s o argumento alegando que a determina&ccedil;&atilde;o do apoio cultural j&aacute; est&aacute; prevista em um decreto presidencial e que o Minist&eacute;rio tamb&eacute;m est&aacute; preocupado com a sustentabilidade das emissoras. <\/p>\n<p class=\"padrao\">S&oacute;ter refor&ccedil;ou a cr&iacute;tica apontando que a Portaria interfere na organiza&ccedil;&atilde;o das r&aacute;dios, j&aacute; que limita o n&uacute;mero de mandatos dos presidentes das associa&ccedil;&otilde;es e n&atilde;o permite que os associados custeiem as emissoras. O representante do Minist&eacute;rio novamente rebateu e disse que o interesse do Minist&eacute;rio &eacute;&nbsp; preservar a democracia nas mantenedoras das r&aacute;dios, evitando que o mesmo grupo pol&iacute;tico se perpetue na dire&ccedil;&atilde;o. O Minist&eacute;rio ainda foi questionado pelos militantes sobre a limita&ccedil;&atilde;o de 1 km de raio, n&atilde;o previsto na legisla&ccedil;&atilde;o mas incorporada na norma do Minist&eacute;rio. <\/p>\n<p class=\"padrao\">&nbsp;<\/p>\n<p><strong>Burocracia e repress&atilde;o <\/strong><\/p>\n<p class=\"padrao\">Para o Superintendente de Servi&ccedil;os de Comunica&ccedil;&atilde;o de Massa da Anatel, Marconi Maya, o papel da Ag&ecirc;ncia &eacute; proteger a radiodifus&atilde;o comunit&aacute;ria. &quot;A Anatel faz os estudos t&eacute;cnicos para adequar a administra&ccedil;&atilde;o do espectro para o que &eacute; determinado pela pol&iacute;tica publica&quot;, afirma. Ele confirma que o estabelecimento da frequ&ecirc;ncia de 87,4 MHz a 87,8 MHz FM para as r&aacute;dios comunit&aacute;rias &eacute; vi&aacute;vel e acess&iacute;vel &agrave; popula&ccedil;&atilde;o. J&aacute; Luz, representante da Amarc, afirmou que os aparelhos vendidos no pa&iacute;s n&atilde;o permitem a sintonia nesta faixa, o que gera uma situa&ccedil;&atilde;o marginal das r&aacute;dios comunit&aacute;rias. <\/p>\n<p class=\"padrao\">Luz denuncia ainda que o governo incluiu novas exig&ecirc;ncias que impedem as pessoas que est&atilde;o sendo processadas por transmiss&atilde;o sem autoriza&ccedil;&atilde;o de participar dos processos de licita&ccedil;&atilde;o. &ldquo;A inten&ccedil;&atilde;o &eacute; punir e humilhar quem faz r&aacute;dio comunit&aacute;ria. Eu duvido que se fa&ccedil;a isso com as grandes empresas privadas&quot;, aposta. Para Marconi &eacute; preciso separar o que &eacute; radio comunit&aacute;ria da &quot;picaretagem&quot;. Ele aponta que as emissoras sem autoriza&ccedil;&atilde;o podem causar risco por n&atilde;o atender a regulamenta&ccedil;&atilde;o e confirma: &quot;n&oacute;s reprimimos o uso ilegal do espectro&quot;. <\/p>\n<p class=\"padrao\">S&oacute;ter aponta que a Abra&ccedil;o est&aacute; em negocia&ccedil;&atilde;o com o Minist&eacute;rio das Comunica&ccedil;&otilde;es para tirar os entraves da Portaria e para pressionar pela cria&ccedil;&atilde;o de um novo decreto que atenda &agrave;s necessidades das r&aacute;dios comunit&aacute;rias. Silva Junior revelou que o Minist&eacute;rio deve iniciar um processo de discuss&atilde;o sobre a lei de r&aacute;dios comunit&aacute;rias no pr&oacute;ximo ano.<\/p>\n","protected":false},"excerpt":{"rendered":"<p>Em audi&ecirc;ncia realizada na C&acirc;mara dos Deputados, entidades ligadas &agrave;s r&aacute;dios comunit&aacute;rias reagiram com cr&iacute;ticas &agrave;  portaria n&ordm;462 do Minist&eacute;rio das Comunica&ccedil;&otilde;es.<\/p>\n","protected":false},"author":1,"featured_media":0,"comment_status":"open","ping_status":"open","sticky":false,"template":"","format":"standard","meta":{"footnotes":""},"categories":[40],"tags":[366],"_links":{"self":[{"href":"https:\/\/obscom.intervozes.org.br\/index.php?rest_route=\/wp\/v2\/posts\/26444"}],"collection":[{"href":"https:\/\/obscom.intervozes.org.br\/index.php?rest_route=\/wp\/v2\/posts"}],"about":[{"href":"https:\/\/obscom.intervozes.org.br\/index.php?rest_route=\/wp\/v2\/types\/post"}],"author":[{"embeddable":true,"href":"https:\/\/obscom.intervozes.org.br\/index.php?rest_route=\/wp\/v2\/users\/1"}],"replies":[{"embeddable":true,"href":"https:\/\/obscom.intervozes.org.br\/index.php?rest_route=%2Fwp%2Fv2%2Fcomments&post=26444"}],"version-history":[{"count":0,"href":"https:\/\/obscom.intervozes.org.br\/index.php?rest_route=\/wp\/v2\/posts\/26444\/revisions"}],"wp:attachment":[{"href":"https:\/\/obscom.intervozes.org.br\/index.php?rest_route=%2Fwp%2Fv2%2Fmedia&parent=26444"}],"wp:term":[{"taxonomy":"category","embeddable":true,"href":"https:\/\/obscom.intervozes.org.br\/index.php?rest_route=%2Fwp%2Fv2%2Fcategories&post=26444"},{"taxonomy":"post_tag","embeddable":true,"href":"https:\/\/obscom.intervozes.org.br\/index.php?rest_route=%2Fwp%2Fv2%2Ftags&post=26444"}],"curies":[{"name":"wp","href":"https:\/\/api.w.org\/{rel}","templated":true}]}}