{"id":26443,"date":"2011-12-14T14:35:18","date_gmt":"2011-12-14T14:35:18","guid":{"rendered":"https:\/\/obscom.intervozes.org.br\/wordpress\/?p=26443"},"modified":"2011-12-14T14:35:18","modified_gmt":"2011-12-14T14:35:18","slug":"para-tarso-conselho-de-comunicacao-nao-e-censura","status":"publish","type":"post","link":"https:\/\/obscom.intervozes.org.br\/?p=26443","title":{"rendered":"Para Tarso, Conselho de Comunica\u00e7\u00e3o n\u00e3o \u00e9 censura"},"content":{"rendered":"<p><span class=\"padrao\">Em 2012, o governo do Estado deve apresentar &agrave; Assembleia Legislativa um projeto de lei para a cria&ccedil;&atilde;o do Conselho Estadual de Comunica&ccedil;&atilde;o do Rio Grande do Sul. A proposta j&aacute; fora apresentada pela C&acirc;mara Tem&aacute;tica Cultura e Comunica&ccedil;&atilde;o e aprovada pelo Conselh&atilde;o, que re&uacute;ne institui&ccedil;&otilde;es e organiza&ccedil;&otilde;es p&uacute;blicas e privadas, entre elas empresas de comunica&ccedil;&atilde;o, entidades da sociedade e dos trabalhadores em comunica&ccedil;&atilde;o, que estariam representadas no Conselho de Comunica&ccedil;&atilde;o.<\/p>\n<p>Na &uacute;ltima reuni&atilde;o do Conselh&atilde;o, realizada no in&iacute;cio de dezembro, o governador Tarso Genro lembrou que a ideia de cria&ccedil;&atilde;o do Conselho de Comunica&ccedil;&atilde;o j&aacute; pontuava em seu Programa de Governo. Neste encontro, fez quest&atilde;o de frisar que seu governo n&atilde;o alimenta nenhuma inten&ccedil;&atilde;o de avaliar ou censurar qualquer ve&iacute;culo de comunica&ccedil;&atilde;o. &quot;O que n&oacute;s queremos &eacute; ampliar o acesso das pessoas aos meios de comunica&ccedil;&atilde;o e discutir pol&iacute;ticas p&uacute;blicas de inclus&atilde;o digital e o papel das novas formas de comunica&ccedil;&atilde;o&rdquo;, disse Tarso.<\/p>\n<p>Um grupo de trabalho formado por conselheiros t&eacute;cnicos e representantes do Governo, no &acirc;mbito do Conselh&atilde;o, ser&aacute; respons&aacute;vel pela elabora&ccedil;&atilde;o do PL. A cria&ccedil;&atilde;o do Conselho de Comunica&ccedil;&atilde;o &eacute; considerada uma das prioridades da Secretaria de Comunica&ccedil;&atilde;o e Inclus&atilde;o Digital (Secom) e consta no rol dos principais projetos do Executivo que cada pasta elencou para monitoramento da Sala de Gest&atilde;o do Governo. A secret&aacute;ria Vera Spolidoro declarou que a import&acirc;ncia do Conselho est&aacute; no fato de ser um &oacute;rg&atilde;o independente, com car&aacute;ter consultivo e que, &ldquo;mais do que apenas ampliar o di&aacute;logo entre governo e sociedade, vai atuar na defesa do interesse p&uacute;blico no que diz respeito &agrave;s a&ccedil;&otilde;es de comunica&ccedil;&atilde;o que partirem do Executivo&rdquo;.<\/p>\n<p>Participam da C&acirc;mara Tem&aacute;tica Cultura e Comunica&ccedil;&atilde;o, que elaborou a proposta de formata&ccedil;&atilde;o do Conselho de Comunica&ccedil;&atilde;o, os conselheiros Celso Schr&ouml;eder, Luis Augusto Fischer, Ercy Pereira Torma, Giba Assis Brasil , Guiomar Vidor, Jo&atilde;o Batista Xavier da Silva e Maria Helena Weber. E, como conselheiros t&eacute;cnicos, Jos&eacute; Nunes, presidente do Sindicato dos Jornalistas Profissionais do Estado, Christa Berger e Jaime Lerner.<\/span><\/p>\n","protected":false},"excerpt":{"rendered":"<p>Em 2012, o governo do Estado deve apresentar &agrave; Assembleia Legislativa um projeto de lei para a cria&ccedil;&atilde;o do Conselho Estadual de Comunica&ccedil;&atilde;o do Rio Grande do Sul. A proposta j&aacute; fora apresentada pela C&acirc;mara Tem&aacute;tica Cultura e Comunica&ccedil;&atilde;o e aprovada pelo Conselh&atilde;o, que re&uacute;ne institui&ccedil;&otilde;es e organiza&ccedil;&otilde;es p&uacute;blicas e privadas, entre elas empresas de &hellip; <a href=\"https:\/\/obscom.intervozes.org.br\/?p=26443\" class=\"more-link\">Continue lendo <span class=\"screen-reader-text\">Para Tarso, Conselho de Comunica\u00e7\u00e3o n\u00e3o \u00e9 censura<\/span> <span class=\"meta-nav\">&rarr;<\/span><\/a><\/p>\n","protected":false},"author":1,"featured_media":0,"comment_status":"open","ping_status":"open","sticky":false,"template":"","format":"standard","meta":{"footnotes":""},"categories":[40],"tags":[1454],"_links":{"self":[{"href":"https:\/\/obscom.intervozes.org.br\/index.php?rest_route=\/wp\/v2\/posts\/26443"}],"collection":[{"href":"https:\/\/obscom.intervozes.org.br\/index.php?rest_route=\/wp\/v2\/posts"}],"about":[{"href":"https:\/\/obscom.intervozes.org.br\/index.php?rest_route=\/wp\/v2\/types\/post"}],"author":[{"embeddable":true,"href":"https:\/\/obscom.intervozes.org.br\/index.php?rest_route=\/wp\/v2\/users\/1"}],"replies":[{"embeddable":true,"href":"https:\/\/obscom.intervozes.org.br\/index.php?rest_route=%2Fwp%2Fv2%2Fcomments&post=26443"}],"version-history":[{"count":0,"href":"https:\/\/obscom.intervozes.org.br\/index.php?rest_route=\/wp\/v2\/posts\/26443\/revisions"}],"wp:attachment":[{"href":"https:\/\/obscom.intervozes.org.br\/index.php?rest_route=%2Fwp%2Fv2%2Fmedia&parent=26443"}],"wp:term":[{"taxonomy":"category","embeddable":true,"href":"https:\/\/obscom.intervozes.org.br\/index.php?rest_route=%2Fwp%2Fv2%2Fcategories&post=26443"},{"taxonomy":"post_tag","embeddable":true,"href":"https:\/\/obscom.intervozes.org.br\/index.php?rest_route=%2Fwp%2Fv2%2Ftags&post=26443"}],"curies":[{"name":"wp","href":"https:\/\/api.w.org\/{rel}","templated":true}]}}