{"id":26442,"date":"2011-12-14T14:30:16","date_gmt":"2011-12-14T14:30:16","guid":{"rendered":"https:\/\/obscom.intervozes.org.br\/wordpress\/?p=26442"},"modified":"2011-12-14T14:30:16","modified_gmt":"2011-12-14T14:30:16","slug":"subcomissao-de-banda-larga-pede-ao-governo-a-reativacao-do-forum-brasil-conectado","status":"publish","type":"post","link":"https:\/\/obscom.intervozes.org.br\/?p=26442","title":{"rendered":"Subcomiss\u00e3o de banda larga pede ao governo a reativa\u00e7\u00e3o do F\u00f3rum Brasil Conectado"},"content":{"rendered":"<p><span class=\"padrao\">O deputado Newton Lima (PT\/SP) apresentou nesta quarta, 14, o relat&oacute;rio da subcomiss&atilde;o de banda larga da Comiss&atilde;o de Ci&ecirc;ncia e Tecnologia da C&acirc;marada dos Deputados, destinada a acompanhar as a&ccedil;&otilde;es do PNBL. Foram realizadas duas audi&ecirc;ncias p&uacute;blicas sobre o tema, mas o deputado ainda precisa que o governo responda um conjunto de 19 questionamentos que as audi&ecirc;ncias p&uacute;blicas n&atilde;o puderam sanar. As d&uacute;vidas da subcomiss&atilde;o est&atilde;o divididas entre quest&otilde;es relacionadas &agrave; governan&ccedil;a do programa, Telebr&aacute;s, infraestrutura, regula&ccedil;&atilde;o e quest&otilde;es financeiras\/tribut&aacute;rias.<\/p>\n<p>Chama aten&ccedil;&atilde;o entre esses questionametos, a d&uacute;vida da comiss&atilde;o em rela&ccedil;&atilde;o ao atendimento &agrave;s escolas p&uacute;blicas, obriga&ccedil;&atilde;o, ali&aacute;s, que foi resultado da troca de metas realizada por ocasi&atilde;o do chamados PGMU 2,5. &quot;Segundo a pesquisa TIC Provedores 2011, 30% das escolas p&uacute;blicas urbanas ainda n&atilde;o t&ecirc;m acesso &agrave; Internet, estat&iacute;stica que diverge dos n&uacute;meros apresentados pela Anatel. Como se explica essa diverg&ecirc;ncia?&quot;.<\/p>\n<p>Os deputados tamb&eacute;m aprovaram um requerimento &agrave; Casa Civil em que eles pedem a reativa&ccedil;&atilde;o do F&oacute;rum Brasil Conectado, que n&atilde;o &eacute; convocado pelo governo desde novembro de 2010. &quot;Como n&atilde;o h&aacute; perspectiva iminente de reativa&ccedil;&atilde;o do F&oacute;rum, o receio &eacute; que a aus&ecirc;ncia de uma inst&acirc;ncia formal de di&aacute;logo e concerta&ccedil;&atilde;o cause, a m&eacute;dio e longo prazo, o distanciamento entre as a&ccedil;&otilde;es planejadas pelo Poder P&uacute;blico e os verdadeiros anseios da popula&ccedil;&atilde;o brasileira&quot;, diz o requirmento que ser&aacute; enviado &agrave; Casa Civil.<\/p>\n<p>Ser&aacute; encaminhando tamb&eacute;m um requerimento aos l&iacute;deres dos partidos na C&acirc;mara e ao presidente Marco Maia para que o projeto de lei 1481\/2007, do ent&atilde;o senador Alo&iacute;zio Mercadante (PT-SP), seja recolocado em pauta. Trata-se do projeto que d&aacute; nova reda&ccedil;&atilde;o &agrave; Lei do Fust e permite que o fundo seja usado para a banda larga, Desde 2008 o projeto aguarda delibera&ccedil;&atilde;o do Plen&aacute;rio da C&acirc;mara.<\/p>\n<p>A Comiss&atilde;o de Ci&ecirc;ncia e Tecnologia da C&acirc;mara tamb&eacute;m ir&aacute; encaminhar of&iacute;cio aos governadores dos estados que ainda n&atilde;o aderiram ao &agrave; isen&ccedil;&atilde;o do ICMS sobre o servi&ccedil;o de banda larga popular recomendado que adotem as provid&ecirc;ncias cab&iacute;veis para a concess&agrave;o do benef&iacute;cio.<\/p>\n<p>Por fim, o deputado Newton Lima (PT-SP) pede que os trabalhos da subcomiss&atilde;o da banda larga sejam retomados no pr&oacute;ximo ano.<\/span><\/p>\n","protected":false},"excerpt":{"rendered":"<p>O deputado Newton Lima (PT\/SP) apresentou nesta quarta, 14, o relat&oacute;rio da subcomiss&atilde;o de banda larga da Comiss&atilde;o de Ci&ecirc;ncia e Tecnologia da C&acirc;marada dos Deputados, destinada a acompanhar as a&ccedil;&otilde;es do PNBL. Foram realizadas duas audi&ecirc;ncias p&uacute;blicas sobre o tema, mas o deputado ainda precisa que o governo responda um conjunto de 19 questionamentos &hellip; <a href=\"https:\/\/obscom.intervozes.org.br\/?p=26442\" class=\"more-link\">Continue lendo <span class=\"screen-reader-text\">Subcomiss\u00e3o de banda larga pede ao governo a reativa\u00e7\u00e3o do F\u00f3rum Brasil Conectado<\/span> <span class=\"meta-nav\">&rarr;<\/span><\/a><\/p>\n","protected":false},"author":1,"featured_media":0,"comment_status":"open","ping_status":"open","sticky":false,"template":"","format":"standard","meta":{"footnotes":""},"categories":[40],"tags":[1123],"_links":{"self":[{"href":"https:\/\/obscom.intervozes.org.br\/index.php?rest_route=\/wp\/v2\/posts\/26442"}],"collection":[{"href":"https:\/\/obscom.intervozes.org.br\/index.php?rest_route=\/wp\/v2\/posts"}],"about":[{"href":"https:\/\/obscom.intervozes.org.br\/index.php?rest_route=\/wp\/v2\/types\/post"}],"author":[{"embeddable":true,"href":"https:\/\/obscom.intervozes.org.br\/index.php?rest_route=\/wp\/v2\/users\/1"}],"replies":[{"embeddable":true,"href":"https:\/\/obscom.intervozes.org.br\/index.php?rest_route=%2Fwp%2Fv2%2Fcomments&post=26442"}],"version-history":[{"count":0,"href":"https:\/\/obscom.intervozes.org.br\/index.php?rest_route=\/wp\/v2\/posts\/26442\/revisions"}],"wp:attachment":[{"href":"https:\/\/obscom.intervozes.org.br\/index.php?rest_route=%2Fwp%2Fv2%2Fmedia&parent=26442"}],"wp:term":[{"taxonomy":"category","embeddable":true,"href":"https:\/\/obscom.intervozes.org.br\/index.php?rest_route=%2Fwp%2Fv2%2Fcategories&post=26442"},{"taxonomy":"post_tag","embeddable":true,"href":"https:\/\/obscom.intervozes.org.br\/index.php?rest_route=%2Fwp%2Fv2%2Ftags&post=26442"}],"curies":[{"name":"wp","href":"https:\/\/api.w.org\/{rel}","templated":true}]}}