{"id":26440,"date":"2011-12-13T15:51:53","date_gmt":"2011-12-13T15:51:53","guid":{"rendered":"https:\/\/obscom.intervozes.org.br\/wordpress\/?p=26440"},"modified":"2011-12-13T15:51:53","modified_gmt":"2011-12-13T15:51:53","slug":"o-direito-a-comunicacao-na-conferencia-da-juventude","status":"publish","type":"post","link":"https:\/\/obscom.intervozes.org.br\/?p=26440","title":{"rendered":"O direito \u00e0 comunica\u00e7\u00e3o na Confer\u00eancia da Juventude"},"content":{"rendered":"<p><span class=\"padrao\">[T&iacute;tulo original: Direito &agrave; comunica&ccedil;&atilde;o &eacute; destaque entre as propostas na Confer&ecirc;ncia} <\/p>\n<p>Entre as 26 propostas, resolu&ccedil;&otilde;es e mo&ccedil;&otilde;es aprovadas na 2&ordf; Confer&ecirc;ncia Nacional de Pol&iacute;ticas P&uacute;blicas de Juventude destacam-se algumas ligadas ao exerc&iacute;cio ao direito humano &agrave; comunica&ccedil;&atilde;o.<\/p>\n<p>No eixo 1, Desenvolvimento Integral, por exemplo, a proposta 6 trata da cria&ccedil;&atilde;o e implementa&ccedil;&atilde;o do Plano Nacional de Comunica&ccedil;&atilde;o e Juventude que contemple a &ldquo;cria&ccedil;&atilde;o e amplia&ccedil;&atilde;o de Centros de Comunica&ccedil;&atilde;o Popular, Telecentros, pontos de acesso p&uacute;blico e o fomento da produ&ccedil;&atilde;o de m&iacute;dias alternativas como: programas de r&aacute;dio, TV, m&iacute;dias impressas, r&aacute;dios escolares e comunit&aacute;rias, internet etc., com prioridade para os\/as jovens como proponentes e produtores, incentivando preferencialmente m&iacute;dias produzidas a partir da metodologia de educomunica&ccedil;&atilde;o, garantindo a expans&atilde;o do acesso e a inclus&atilde;o digital no campo e na cidade, ampliando o sinal de internet (banda larga) e telefonia, valorizando a cultura regional e garantindo a forma&ccedil;&atilde;o de educadores da rede p&uacute;blica para tratar dessa quest&atilde;o nas escolas e universidades&rdquo;.<\/p>\n<p>No eixo 3, Direito &agrave; Experimenta&ccedil;&atilde;o e Qualidade de Vida, entre as propostas est&aacute; &ldquo;integrar a implementa&ccedil;&atilde;o do programa nacional de banda larga, garantindo o acesso &agrave; banda larga gratuita e de qualidade com velocidade m&iacute;nima de 1 Mega para todo o Pa&iacute;s, priorizando as comunidades menos favorecidas e a zona rural, garantindo tamb&eacute;m a capacita&ccedil;&atilde;o para os que ir&atilde;o utilizar o servi&ccedil;o&rdquo;.<\/p>\n<p>No documento Para Desenvolver o Brasil, considera-se que as pol&iacute;ticas p&uacute;blicas de juventude n&atilde;o est&atilde;o descoladas do conjunto da sociedade e devem estar conectadas aos desafios atuais que o pa&iacute;s enfrenta e que os jovens n&atilde;o pleiteiam somente a resolu&ccedil;&atilde;o de seus problemas. Eles buscam tamb&eacute;m oportunidades para debater e interferir nas quest&otilde;es mais amplas colocadas na conjuntura e nas defini&ccedil;&otilde;es dos rumos do Brasil. <\/p>\n<p>Por isso, os delegados da Confer&ecirc;ncia resolvem:<\/p>\n<p>&#8211; &ldquo;democratizar os meios de comunica&ccedil;&atilde;o, garantindo o amplo acesso &agrave; informa&ccedil;&atilde;o e aos meios de comunica&ccedil;&atilde;o (internet, r&aacute;dio, TV, jornais e Imprensa Oficial e audiovisual com participa&ccedil;&atilde;o obrigat&oacute;ria das produ&ccedil;&otilde;es independentes, com abertura de editais em apoio &agrave; produ&ccedil;&atilde;o art&iacute;stica&rdquo;.<\/p>\n<p>&#8211; Reformar lei de direitos autorais sob a &oacute;tica de que o conhecimento &eacute; livre: sendo assim, incetivar a utiliza&ccedil;&atilde;o de licen&ccedil;as creative commons sob a &eacute;gide de uma filosofia garantindo o uso, sem fins lucrativos, de produ&ccedil;&otilde;es intelectuais.<\/p>\n<p>&#8211; Estabelecer cotas de exibi&ccedil;&atilde;o e programa&ccedil;&atilde;o de 50% para a produ&ccedil;&atilde;o cultural brasileira, sendo 15% produ&ccedil;&atilde;o independente e 20% produ&ccedil;&atilde;o regional em todos os meios de comunica&ccedil;&atilde;o (TV aberta e paga, r&aacute;dios e cinemas).<\/p>\n<p>&#8211; Criar um novo marco regulat&oacute;rio das comunica&ccedil;&otilde;es que garanta o controle social sobre as pol&iacute;ticas p&uacute;blicas na &aacute;rea, assegurando conselhos de comunica&ccedil;&atilde;o em todas as esferas e que esses garantam respeito aos direitos humanos com conte&uacute;dos n&atilde;o discriminat&oacute;rios, n&atilde;o machistas e n&atilde;o racistas nas veicula&ccedil;&otilde;es midi&aacute;ticas e cria&ccedil;&atilde;o de regras para a concess&atilde;o de outorgas.<\/p>\n<p>&#8211; Garantir o direito &agrave; liberdade de&nbsp; express&atilde;o e ao livre acesso &agrave; informa&ccedil;&atilde;o e comunica&ccedil;&atilde;o, previstos na constitui&ccedil;&atilde;o Federal, no uso das m&iacute;dias, assegurando a pluralidade de id&eacute;ias e opini&otilde;es dos diferentes grupos sociais e cuturais.<\/p>\n<p>&#8211; Promover mecanismos institucionais de democratiza&ccedil;&atilde;o da distribui&ccedil;&atilde;o e de aplica&ccedil;&atilde;o de verbas p&uacute;blicas em publicidade de a&ccedil;&otilde;es governamentais&nbsp; em r&aacute;dios e Tvs comunit&aacute;rias, bem como a instrumentaliza&ccedil;&atilde;o de fundos permanentes de financiamento das atividades de comunica&ccedil;&atilde;o comunit&aacute;ria&nbsp; e com finalidade social , bem como a reformula&ccedil;&atilde;o&nbsp; da lei 9.61298, garantido a amplia&ccedil;&atilde;o da pontencia permitida para r&aacute;dios comunit&aacute;rias, maior agilidade no processo de concess&atilde;o descriminaliza&ccedil;&atilde;o com anistia e devolu&ccedil;&atilde;o dos equipamentos apreendidos.<\/p>\n<p>&#8211; Aperfei&ccedil;oar, implementar e garantir a efetiva&ccedil;&atilde;o do controle social em todas as etapas de consolida&ccedil;&atilde;o do Programa Nacional de Banda Larga (PNBL) &ndash; na &oacute;tica dos direitos humanos de comunica&ccedil;&atilde;o e informa&ccedil;&atilde;o &ndash; assegurando: a supera&ccedil;&atilde;o das atuais limita&ccedil;&otilde;es, o acesso gratuito para todas as cidades e &aacute;reas rurais, independetemente de densidade demogr&aacute;fica e o aproveitamento das redes de cabo de fibra &oacute;tica j&aacute; instaladas para a transmiss&atilde;o de dados, imagenz e sons, assim como o aproveitamento dos equipamentos de alta velocidade que viabilizar&atilde;o conex&atilde;o com redes nacionais de telcomunica&ccedil;&atilde;o e demais redes no Brasil e no mundo.<\/p>\n<p>No final, a plen&aacute;ria aprovou ainda a mo&ccedil;&atilde;o de rep&uacute;dio &ldquo;Contra o fim da classifica&ccedil;&atilde;o indicativa na TV. O Estado deve proteger nossas crian&ccedil;as, adolescentes e jovens!&rdquo;.<\/span><\/p>\n","protected":false},"excerpt":{"rendered":"<p><span class=\"padrao\">Entre as 26 propostas, resolu&ccedil;&otilde;es e mo&ccedil;&otilde;es aprovadas na 2&ordf; Confer&ecirc;ncia  Nacional de Pol&iacute;ticas P&uacute;blicas de Juventude destacam-se algumas ligadas  ao exerc&iacute;cio ao direito humano &agrave; comunica&ccedil;&atilde;o.<\/span><\/p>\n","protected":false},"author":1,"featured_media":0,"comment_status":"open","ping_status":"open","sticky":false,"template":"","format":"standard","meta":{"footnotes":""},"categories":[42],"tags":[1618],"_links":{"self":[{"href":"https:\/\/obscom.intervozes.org.br\/index.php?rest_route=\/wp\/v2\/posts\/26440"}],"collection":[{"href":"https:\/\/obscom.intervozes.org.br\/index.php?rest_route=\/wp\/v2\/posts"}],"about":[{"href":"https:\/\/obscom.intervozes.org.br\/index.php?rest_route=\/wp\/v2\/types\/post"}],"author":[{"embeddable":true,"href":"https:\/\/obscom.intervozes.org.br\/index.php?rest_route=\/wp\/v2\/users\/1"}],"replies":[{"embeddable":true,"href":"https:\/\/obscom.intervozes.org.br\/index.php?rest_route=%2Fwp%2Fv2%2Fcomments&post=26440"}],"version-history":[{"count":0,"href":"https:\/\/obscom.intervozes.org.br\/index.php?rest_route=\/wp\/v2\/posts\/26440\/revisions"}],"wp:attachment":[{"href":"https:\/\/obscom.intervozes.org.br\/index.php?rest_route=%2Fwp%2Fv2%2Fmedia&parent=26440"}],"wp:term":[{"taxonomy":"category","embeddable":true,"href":"https:\/\/obscom.intervozes.org.br\/index.php?rest_route=%2Fwp%2Fv2%2Fcategories&post=26440"},{"taxonomy":"post_tag","embeddable":true,"href":"https:\/\/obscom.intervozes.org.br\/index.php?rest_route=%2Fwp%2Fv2%2Ftags&post=26440"}],"curies":[{"name":"wp","href":"https:\/\/api.w.org\/{rel}","templated":true}]}}