{"id":26436,"date":"2011-12-12T18:55:59","date_gmt":"2011-12-12T18:55:59","guid":{"rendered":"https:\/\/obscom.intervozes.org.br\/wordpress\/?p=26436"},"modified":"2011-12-12T18:55:59","modified_gmt":"2011-12-12T18:55:59","slug":"inscricoes-abertas-para-o-1o-encontro-nacional-sobre-o-direito-a-comunicacao","status":"publish","type":"post","link":"https:\/\/obscom.intervozes.org.br\/?p=26436","title":{"rendered":"Inscri\u00e7\u00f5es abertas para o 1\u00ba Encontro Nacional sobre o Direito \u00e0 Comunica\u00e7\u00e3o"},"content":{"rendered":"<p><span class=\"padrao\">Reda&ccedil;&atilde;o &#8211; OmbunsPE<\/p>\n<p>Boa novas. J&aacute; est&atilde;o abertas as inscri&ccedil;&otilde;es para o 1&ordm; Encontro Nacional sobre o Direito &agrave; Comunica&ccedil;&atilde;o. O processo &eacute; simples: basta acessar a se&ccedil;&atilde;o indicada no site e preencher o formul&aacute;rio. Os participantes ter&atilde;o acesso &agrave;&nbsp; programa&ccedil;&atilde;o completa do ENDC, e poder&atilde;o enviar p<a href=\"http:\/\/endc.org.br\/submissao\/\" target=\"_blank\">roposi&ccedil;&otilde;es para a rodada de atividades autogestionadas<\/a> &nbsp; que ser&atilde;o desenvolvidas ao longo do encontro. Nestas, os proponentes poder&atilde;o submeter id&eacute;ias de a&ccedil;&otilde;es que dialogue com o seguinte t&oacute;pico: Comunica&ccedil;&atilde;o, Direitos Humanos e Democracia,<\/p>\n<p>A equipe do ENDC disponibilizou <a href=\"http:\/\/endc.org.br\/servicos\/\" target=\"_blank\">uma p&aacute;gina<\/a>  com informa&ccedil;&otilde;es &uacute;teis &agrave;queles que vir&atilde;o de outros Estados ou cidades. Nela, h&aacute; uma lista com indica&ccedil;&otilde;es de locais para hospedagem e transportes em Recife e Olinda.<\/p>\n<p>Os interessados devem enviar os seus dados at&eacute; o dia 30 de janeiro de 2012.<\/p>\n<p>Mais informa&ccedil;&otilde;es: <a href=\"http:\/\/endc.org.br\/\" target=\"_blank\">http:\/\/endc.org.br\/<\/a> <\/span><\/p>\n","protected":false},"excerpt":{"rendered":"<p>Reda&ccedil;&atilde;o &#8211; OmbunsPE Boa novas. J&aacute; est&atilde;o abertas as inscri&ccedil;&otilde;es para o 1&ordm; Encontro Nacional sobre o Direito &agrave; Comunica&ccedil;&atilde;o. O processo &eacute; simples: basta acessar a se&ccedil;&atilde;o indicada no site e preencher o formul&aacute;rio. Os participantes ter&atilde;o acesso &agrave;&nbsp; programa&ccedil;&atilde;o completa do ENDC, e poder&atilde;o enviar proposi&ccedil;&otilde;es para a rodada de atividades autogestionadas &nbsp; &hellip; <a href=\"https:\/\/obscom.intervozes.org.br\/?p=26436\" class=\"more-link\">Continue lendo <span class=\"screen-reader-text\">Inscri\u00e7\u00f5es abertas para o 1\u00ba Encontro Nacional sobre o Direito \u00e0 Comunica\u00e7\u00e3o<\/span> <span class=\"meta-nav\">&rarr;<\/span><\/a><\/p>\n","protected":false},"author":1,"featured_media":0,"comment_status":"open","ping_status":"open","sticky":false,"template":"","format":"standard","meta":{"footnotes":""},"categories":[39],"tags":[],"_links":{"self":[{"href":"https:\/\/obscom.intervozes.org.br\/index.php?rest_route=\/wp\/v2\/posts\/26436"}],"collection":[{"href":"https:\/\/obscom.intervozes.org.br\/index.php?rest_route=\/wp\/v2\/posts"}],"about":[{"href":"https:\/\/obscom.intervozes.org.br\/index.php?rest_route=\/wp\/v2\/types\/post"}],"author":[{"embeddable":true,"href":"https:\/\/obscom.intervozes.org.br\/index.php?rest_route=\/wp\/v2\/users\/1"}],"replies":[{"embeddable":true,"href":"https:\/\/obscom.intervozes.org.br\/index.php?rest_route=%2Fwp%2Fv2%2Fcomments&post=26436"}],"version-history":[{"count":0,"href":"https:\/\/obscom.intervozes.org.br\/index.php?rest_route=\/wp\/v2\/posts\/26436\/revisions"}],"wp:attachment":[{"href":"https:\/\/obscom.intervozes.org.br\/index.php?rest_route=%2Fwp%2Fv2%2Fmedia&parent=26436"}],"wp:term":[{"taxonomy":"category","embeddable":true,"href":"https:\/\/obscom.intervozes.org.br\/index.php?rest_route=%2Fwp%2Fv2%2Fcategories&post=26436"},{"taxonomy":"post_tag","embeddable":true,"href":"https:\/\/obscom.intervozes.org.br\/index.php?rest_route=%2Fwp%2Fv2%2Ftags&post=26436"}],"curies":[{"name":"wp","href":"https:\/\/api.w.org\/{rel}","templated":true}]}}