{"id":26435,"date":"2011-12-12T18:42:54","date_gmt":"2011-12-12T18:42:54","guid":{"rendered":"https:\/\/obscom.intervozes.org.br\/wordpress\/?p=26435"},"modified":"2011-12-12T18:42:54","modified_gmt":"2011-12-12T18:42:54","slug":"plenaria-do-fndc-aprova-campanha-por-marco-regulatorio-e-elege-nova-coordenacao","status":"publish","type":"post","link":"https:\/\/obscom.intervozes.org.br\/?p=26435","title":{"rendered":"Plen\u00e1ria do FNDC aprova campanha por marco regulat\u00f3rio e elege nova coordena\u00e7\u00e3o"},"content":{"rendered":"<p><span class=\"padrao\">Depois de intensos debates em torno da conjuntura pol&iacute;tica da luta pela democratiza&ccedil;&atilde;o da comunica&ccedil;&atilde;o, da afirma&ccedil;&atilde;o de que &eacute; preciso unir o movimento social com uma ampla campanha por um novo marco regulat&oacute;rio para as comunica&ccedil;&otilde;es, a XVI plen&aacute;ria do FNDC elegeu por unanimidade sua nova Coordena&ccedil;&atilde;o-Executiva e Conselhos Deliberativo e Fiscal.<\/p>\n<p>O Conselho Deliberativo passou a contar com 21 representa&ccedil;&otilde;es de entidades e comit&ecirc;s estaduais. A coordena&ccedil;&atilde;o executiva tamb&eacute;m foi ampliada, refletindo o debate que apontava a necessidade de fortalecer o FNDC: passou de seis para nove entidades. Para Renata Mielli, secret&aacute;ria geral do Centro de Estudos da M&iacute;dia Alternativa Bar&atilde;o de Itarar&eacute;, &ldquo;a dimens&atilde;o da luta pelo direito &agrave; comunica&ccedil;&atilde;o, que tem neste momento como principal bandeira a campanha por um novo marco regulat&oacute;rio para as comunica&ccedil;&otilde;es, exige que o F&oacute;rum seja mais forte, que existam mais comit&ecirc;s regionais para dar mais capilaridade &agrave; nossa luta, que mais entidades venham para o FNDC. Precisamos de um Conselho Deliberativo que reflita a diversidade do movimento e uma Coordena&ccedil;&atilde;o Executiva com mais capacidade de a&ccedil;&atilde;o. Atualmente contava com a representa&ccedil;&atilde;o de 6 entidades. Mas isso era pouco diante dos enormes desafios e das muitas tarefas que est&atilde;o colocadas para n&oacute;s. Al&eacute;m disso, a amplia&ccedil;&atilde;o para 9 entidades tamb&eacute;m reflete o crescimento do F&oacute;rum, e isso &eacute; muito positivo&rdquo;.<\/p>\n<p>As entidades eleitas para a Executiva do FNDC foram a Central &Uacute;nica dos Trabalhadores (CUT), Federa&ccedil;&atilde;o Interestadual dos Trabalhadores em Radiodifus&atilde;o e Televis&atilde;o (Fitert), Bar&atilde;o de Itarar&eacute;, Intervozes, Associa&ccedil;&atilde;o Brasileira de Radiodifus&atilde;o Comunit&aacute;ria (Abra&ccedil;o), Associa&ccedil;&atilde;o das R&aacute;dios P&uacute;blicas do Brasil (Arpub), Associa&ccedil;&atilde;o Nacional de Artistas e T&eacute;cnicos em Espet&aacute;culos de Divers&otilde;es (Aneat) e Fittel (Federa&ccedil;&atilde;o Interestadual dos Trabalhadores em Telecomunica&ccedil;&otilde;es.<\/p>\n<p>A Coordenadoria-Geral tamb&eacute;m tem um novo nome. Rosane Bertotti, Secret&aacute;ria Nacional de Comunica&ccedil;&atilde;o da CUT assume o cargo para a gest&atilde;o do pr&oacute;ximo bi&ecirc;nio. &ldquo;Agregar mais entidades para a dire&ccedil;&atilde;o do FNDC &eacute; ampliar a luta. Se houver hegemonia de uma ou outra, o F&oacute;rum perde sua caracter&iacute;stica de aglutinador dos atores que lutam pela democratiza&ccedil;&atilde;o da comunica&ccedil;&atilde;o&rdquo;, afirmou Bertotti durante a Plen&aacute;ria.<\/p>\n<p>Rosane Bertotti (&agrave; esquerda) &eacute; a nova Coodenadora-Geral do FNDC. Foto: M&aacute;rcia Schuler\/FNDC<br \/>A vota&ccedil;&atilde;o pelo aumento do n&uacute;mero de entidades participantes da Comiss&atilde;o-Executiva (28 votos contra 8) confirmou a tese de que o FNDC tem um papel fundamental nas lutas do campo da comunica&ccedil;&atilde;o e precisa ampliar seu quadro. Orlando Guilhon, da Arpub, defendeu que &ldquo;absorver gente nova &eacute; garantir a unidade e fortalecer o FNDC&rdquo;. O principal desafio do F&oacute;rum &ndash; agora mais substancioso e energizado &ndash; &eacute; articular o movimento social e a sociedade civil para uma campanha forte pela regulamenta&ccedil;&atilde;o da comunica&ccedil;&atilde;o, conforme decidido na Plen&aacute;ria.<\/p>\n<p>Veja como ficou a composi&ccedil;&atilde;o da Coordena&ccedil;&atilde;o Executiva do FNDC para o bi&ecirc;nio 2011-2013<\/p>\n<p>Coordena&ccedil;&atilde;o Geral &ndash; Ronase Bertoti &ndash; CUT<br \/>Secretaria Geral &ndash; Roseli Goffman &ndash; CFP<br \/>Secretaria de Administra&ccedil;&atilde;o e Finan&ccedil;as &ndash; Marco Antonio Ribeiro &ndash; Fitert<br \/>Secretaria de Comunica&ccedil;&atilde;o &ndash; Renata Mielli &ndash; Bar&atilde;o de Itarar&eacute;<br \/>Secretaria de Mobiliza&ccedil;&atilde;o e Organiza&ccedil;&atilde;o Jos&eacute; Luiz do Nascimento S&oacute;ter &ndash; Abra&ccedil;o<br \/>Secretaria de Pol&iacute;ticas P&uacute;blicas &ndash; Jo&atilde;o Brant, do Coletivo Intervozes \/ Orlando Guilhon Arpub \/ Edson Pedro de Lima, Fittel \/ Berenice Mendes, Aneate<\/span><\/p>\n","protected":false},"excerpt":{"rendered":"<p>Depois de intensos debates em torno da conjuntura pol&iacute;tica da luta pela democratiza&ccedil;&atilde;o da comunica&ccedil;&atilde;o, da afirma&ccedil;&atilde;o de que &eacute; preciso unir o movimento social com uma ampla campanha por um novo marco regulat&oacute;rio para as comunica&ccedil;&otilde;es, a XVI plen&aacute;ria do FNDC elegeu por unanimidade sua nova Coordena&ccedil;&atilde;o-Executiva e Conselhos Deliberativo e Fiscal. O Conselho &hellip; <a href=\"https:\/\/obscom.intervozes.org.br\/?p=26435\" class=\"more-link\">Continue lendo <span class=\"screen-reader-text\">Plen\u00e1ria do FNDC aprova campanha por marco regulat\u00f3rio e elege nova coordena\u00e7\u00e3o<\/span> <span class=\"meta-nav\">&rarr;<\/span><\/a><\/p>\n","protected":false},"author":1,"featured_media":0,"comment_status":"open","ping_status":"open","sticky":false,"template":"","format":"standard","meta":{"footnotes":""},"categories":[40],"tags":[1617],"_links":{"self":[{"href":"https:\/\/obscom.intervozes.org.br\/index.php?rest_route=\/wp\/v2\/posts\/26435"}],"collection":[{"href":"https:\/\/obscom.intervozes.org.br\/index.php?rest_route=\/wp\/v2\/posts"}],"about":[{"href":"https:\/\/obscom.intervozes.org.br\/index.php?rest_route=\/wp\/v2\/types\/post"}],"author":[{"embeddable":true,"href":"https:\/\/obscom.intervozes.org.br\/index.php?rest_route=\/wp\/v2\/users\/1"}],"replies":[{"embeddable":true,"href":"https:\/\/obscom.intervozes.org.br\/index.php?rest_route=%2Fwp%2Fv2%2Fcomments&post=26435"}],"version-history":[{"count":0,"href":"https:\/\/obscom.intervozes.org.br\/index.php?rest_route=\/wp\/v2\/posts\/26435\/revisions"}],"wp:attachment":[{"href":"https:\/\/obscom.intervozes.org.br\/index.php?rest_route=%2Fwp%2Fv2%2Fmedia&parent=26435"}],"wp:term":[{"taxonomy":"category","embeddable":true,"href":"https:\/\/obscom.intervozes.org.br\/index.php?rest_route=%2Fwp%2Fv2%2Fcategories&post=26435"},{"taxonomy":"post_tag","embeddable":true,"href":"https:\/\/obscom.intervozes.org.br\/index.php?rest_route=%2Fwp%2Fv2%2Ftags&post=26435"}],"curies":[{"name":"wp","href":"https:\/\/api.w.org\/{rel}","templated":true}]}}