{"id":26430,"date":"2011-12-12T13:13:28","date_gmt":"2011-12-12T13:13:28","guid":{"rendered":"https:\/\/obscom.intervozes.org.br\/wordpress\/?p=26430"},"modified":"2011-12-12T13:13:28","modified_gmt":"2011-12-12T13:13:28","slug":"stf-podera-tornar-ineficaz-classificacao-indicativa-na-tv-alerta-ministerio","status":"publish","type":"post","link":"https:\/\/obscom.intervozes.org.br\/?p=26430","title":{"rendered":"STF poder\u00e1 tornar ineficaz classifica\u00e7\u00e3o indicativa na TV, alerta minist\u00e9rio"},"content":{"rendered":"<p><span class=\"padrao\">Em debate na C&acirc;mara, deputados, representantes do governo, das emissoras e da sociedade civil discordaram sobre a obrigatoriedade de as TVs respeitarem os hor&aacute;rios de exibi&ccedil;&atilde;o dos programas previstos na classifica&ccedil;&atilde;o indicativa.<\/p>\n<p>O diretor-adjunto do Departamento de Justi&ccedil;a, Classifica&ccedil;&atilde;o, T&iacute;tulos e Qualifica&ccedil;&atilde;o do Minist&eacute;rio da Justi&ccedil;a, Davi Pires, alertou nesta quinta-feira (8) que o Supremo Tribunal Federal (STF) poder&aacute; tornar ineficaz a classifica&ccedil;&atilde;o indicativa da programa&ccedil;&atilde;o da televis&atilde;o, caso seja aprovada a&ccedil;&atilde;o direta de inconstitucionalidade (ADI) que questiona as multas para a exibi&ccedil;&atilde;o de programas em hor&aacute;rio diverso do indicado. Ele participou de audi&ecirc;ncia p&uacute;blica sobre o controle da programa&ccedil;&atilde;o da TV aberta, promovida pela Comiss&atilde;o de Seguran&ccedil;a P&uacute;blica e Combate ao Crime Organizado.<\/p>\n<p>Movida em fevereiro de 2001 pelo Partido Trabalhista Brasileiro (PTB), a ADI 2404, que est&aacute; na pauta do STF, busca declarar a inconstitucionalidade do artigo 254 do Estatuto da Crian&ccedil;a e do Adolescente (ECA &#8211; Lei 8.069\/90). O artigo estabelece que a transmiss&atilde;o de programas de r&aacute;dio e televis&atilde;o em hor&aacute;rio diverso do autorizado ou sem aviso de classifica&ccedil;&atilde;o ter&aacute;, como pena, multa de 20 a 100 sal&aacute;rios de refer&ecirc;ncia, duplicada em caso de reincid&ecirc;ncia. Neste caso, o juiz tamb&eacute;m poder&aacute; determinar a suspens&atilde;o da programa&ccedil;&atilde;o da emissora por at&eacute; dois dias. A ADI j&aacute; recebeu quatro votos pela inconstitucionalidade do dispositivo. A vota&ccedil;&atilde;o foi interrompida por um pedido de vista do ministro Joaquim Barbosa.<\/p>\n<p>A classifica&ccedil;&atilde;o indicativa tem previs&atilde;o constitucional e foi implementada em 2007. Ela consiste em informar &agrave;s fam&iacute;lias sobre a faixa et&aacute;ria para a qual obras audiovisuais, como a programa&ccedil;&atilde;o da TV, filmes, DVDs e jogos eletr&ocirc;nicos, n&atilde;o se recomendam. As emissoras ou produtoras fazem a autoclassifica&ccedil;&atilde;o das obras e a enviam para o Minist&eacute;rio da Justi&ccedil;a, que analisa se o conte&uacute;do (cenas de sexo, drogas e viol&ecirc;ncia) condiz com a autoclassifica&ccedil;&atilde;o proposta. O minist&eacute;rio pode referendar a autoclassifica&ccedil;&atilde;o ou determinar que o programa seja reclassificado. Os n&iacute;veis de classifica&ccedil;&atilde;o incluem, por exemplo: programas livres, para exibi&ccedil;&atilde;o em qualquer hor&aacute;rio; programas recomendados para maiores de 12 anos, a serem exibidos a partir de 20h; e programas recomendados para maiores de 18 anos, ap&oacute;s as 23h.<\/p>\n<p>Caso seja aprovada a ADI, as emissoras poder&atilde;o, por exemplo, exibir programas classificados como &ldquo;recomendados para maiores de 12 anos&rdquo; em qualquer hor&aacute;rio, sem a aplica&ccedil;&atilde;o de penas.<\/p>\n<p><strong>Pr&oacute;s e contras da ADI<\/strong><\/p>\n<p>Na audi&ecirc;ncia, a representante da Associa&ccedil;&atilde;o Brasileira de Radiodifusores (Abra, que representa a Band e a Rede TV!), Helo&iacute;sa Almeida, e o representante da Rede Globo, Evandro Guimar&atilde;es, defenderam a ADI. Na opini&atilde;o deles, a classifica&ccedil;&atilde;o da programa&ccedil;&atilde;o de televis&atilde;o &ldquo;deve ser apenas indicativa, e n&atilde;o vinculativa&rdquo; &ndash; ou seja, n&atilde;o deve ser obrigat&oacute;ria a exibi&ccedil;&atilde;o das atra&ccedil;&otilde;es, pela emissora, no hor&aacute;rio indicado. Helo&iacute;sa disse ainda que toda forma de controle da programa&ccedil;&atilde;o da televis&atilde;o deve ser repelida. &ldquo;O papel de educar &eacute; dos pais&rdquo;, argumentou.<\/p>\n<p>Por sua vez, o dirigente do Minist&eacute;rio da Justi&ccedil;a destacou que, embora a fun&ccedil;&atilde;o de educar seja da fam&iacute;lia, o papel de informar sobre o tipo de programa&ccedil;&atilde;o &eacute; das emissoras. &ldquo;A classifica&ccedil;&atilde;o &eacute; indicativa para a fam&iacute;lia; mas &eacute; vinculativa (ou seja, de veicula&ccedil;&atilde;o obrigat&oacute;ria) para as emissoras de TV, que devem informar sobre a classifica&ccedil;&atilde;o e exibir a programa&ccedil;&atilde;o no hor&aacute;rio apropriado&rdquo;, esclareceu Pires. Ele sustentou que haver&aacute; preju&iacute;zos &agrave; sociedade caso seja derrubada a obrigatoriedade de as emissoras exibirem as atra&ccedil;&otilde;es em hor&aacute;rios definidos conforme a faixa et&aacute;ria: &quot;As multas s&atilde;o cobradas mediante procedimento judicial. Por temor a essas puni&ccedil;&otilde;es, acredito que as empresas t&ecirc;m se esfor&ccedil;ado bastante para melhorar o n&iacute;vel da programa&ccedil;&atilde;o da TV aberta&rdquo;.<\/p>\n<p>O representante da Rede Globo afirmou que, apesar de contr&aacute;ria &agrave; vincula&ccedil;&atilde;o hor&aacute;ria, a empresa defende o mecanismo de classifica&ccedil;&atilde;o indicativa dos programas de TV aberta. &ldquo;&Eacute; um servi&ccedil;o que a TV presta &agrave; popula&ccedil;&atilde;o brasileira&rdquo;, declarou. &ldquo;&Eacute; uma forma de orientar o telespectador a respeito das faixas et&aacute;rias &agrave;s quais a programa&ccedil;&atilde;o n&atilde;o &eacute; recomendada&rdquo;, completou. Ele disse falar em nome de todas as emissoras representadas pela Associa&ccedil;&atilde;o Brasileira de Emissoras de R&aacute;dio e Televis&atilde;o (Abert).<\/p>\n<p><strong>Movimentos sociais<\/strong><\/p>\n<p>A representante do Conselho Federal de Psicologia no F&oacute;rum Nacional pela Democratiza&ccedil;&atilde;o da Comunica&ccedil;&atilde;o (FNDC), Roseli Goffman, destacou que os movimentos sociais reivindicam a manuten&ccedil;&atilde;o das penas para as emissoras que desobedecerem &agrave; classifica&ccedil;&atilde;o indicativa. &ldquo;Hoje, essa &eacute; a &uacute;nica ferramenta que temos para regular a programa&ccedil;&atilde;o da TV aberta&rdquo;, sustentou. Para ela, deveria haver outros instrumentos de regula&ccedil;&atilde;o da programa&ccedil;&atilde;o televisiva e dos servi&ccedil;os de comunica&ccedil;&atilde;o social. &ldquo;Regula&ccedil;&atilde;o n&atilde;o &eacute; censura&rdquo;, ressaltou.<\/p>\n<p>Segundo Roseli, os meios de comunica&ccedil;&atilde;o social querem atuar livremente, sem regula&ccedil;&atilde;o. &ldquo;Por&eacute;m, a presta&ccedil;&atilde;o do servi&ccedil;o de televis&atilde;o &eacute; uma concess&atilde;o p&uacute;blica, que deve obedecer a regras. Se n&atilde;o houver obedi&ecirc;ncia &agrave;s normas, deve haver multas&rdquo;, disse. A representante do FNDC lembrou ainda que os meios de comunica&ccedil;&atilde;o devem prestar contas &agrave; sociedade.<\/span><\/p>\n","protected":false},"excerpt":{"rendered":"<p>Em debate na C&acirc;mara, deputados, representantes do governo, das emissoras e da sociedade civil discordaram sobre a obrigatoriedade de as TVs respeitarem os hor&aacute;rios de exibi&ccedil;&atilde;o dos programas previstos na classifica&ccedil;&atilde;o indicativa. O diretor-adjunto do Departamento de Justi&ccedil;a, Classifica&ccedil;&atilde;o, T&iacute;tulos e Qualifica&ccedil;&atilde;o do Minist&eacute;rio da Justi&ccedil;a, Davi Pires, alertou nesta quinta-feira (8) que o Supremo &hellip; <a href=\"https:\/\/obscom.intervozes.org.br\/?p=26430\" class=\"more-link\">Continue lendo <span class=\"screen-reader-text\">STF poder\u00e1 tornar ineficaz classifica\u00e7\u00e3o indicativa na TV, alerta minist\u00e9rio<\/span> <span class=\"meta-nav\">&rarr;<\/span><\/a><\/p>\n","protected":false},"author":1,"featured_media":0,"comment_status":"open","ping_status":"open","sticky":false,"template":"","format":"standard","meta":{"footnotes":""},"categories":[40],"tags":[1089],"_links":{"self":[{"href":"https:\/\/obscom.intervozes.org.br\/index.php?rest_route=\/wp\/v2\/posts\/26430"}],"collection":[{"href":"https:\/\/obscom.intervozes.org.br\/index.php?rest_route=\/wp\/v2\/posts"}],"about":[{"href":"https:\/\/obscom.intervozes.org.br\/index.php?rest_route=\/wp\/v2\/types\/post"}],"author":[{"embeddable":true,"href":"https:\/\/obscom.intervozes.org.br\/index.php?rest_route=\/wp\/v2\/users\/1"}],"replies":[{"embeddable":true,"href":"https:\/\/obscom.intervozes.org.br\/index.php?rest_route=%2Fwp%2Fv2%2Fcomments&post=26430"}],"version-history":[{"count":0,"href":"https:\/\/obscom.intervozes.org.br\/index.php?rest_route=\/wp\/v2\/posts\/26430\/revisions"}],"wp:attachment":[{"href":"https:\/\/obscom.intervozes.org.br\/index.php?rest_route=%2Fwp%2Fv2%2Fmedia&parent=26430"}],"wp:term":[{"taxonomy":"category","embeddable":true,"href":"https:\/\/obscom.intervozes.org.br\/index.php?rest_route=%2Fwp%2Fv2%2Fcategories&post=26430"},{"taxonomy":"post_tag","embeddable":true,"href":"https:\/\/obscom.intervozes.org.br\/index.php?rest_route=%2Fwp%2Fv2%2Ftags&post=26430"}],"curies":[{"name":"wp","href":"https:\/\/api.w.org\/{rel}","templated":true}]}}