{"id":26429,"date":"2011-12-12T13:06:15","date_gmt":"2011-12-12T13:06:15","guid":{"rendered":"https:\/\/obscom.intervozes.org.br\/wordpress\/?p=26429"},"modified":"2011-12-12T13:06:15","modified_gmt":"2011-12-12T13:06:15","slug":"relator-vai-propor-descriminalizacao-de-radios-de-baixa-potencia-irregulares","status":"publish","type":"post","link":"https:\/\/obscom.intervozes.org.br\/?p=26429","title":{"rendered":"Relator vai propor descriminaliza\u00e7\u00e3o de r\u00e1dios de baixa pot\u00eancia irregulares"},"content":{"rendered":"<p><span class=\"padrao\">O relator dos projetos que tratam das puni&ccedil;&otilde;es para quem explorar sem autoriza&ccedil;&atilde;o o servi&ccedil;o de radiodifus&atilde;o sonora, deputado Alessandro Molon (PT-RJ), vai apresentar substitutivo &agrave;s propostas no in&iacute;cio do pr&oacute;ximo ano, incluindo sugest&otilde;es do Minist&eacute;rio das Comunica&ccedil;&otilde;es apresentadas nesta quinta-feira.<\/p>\n<p>Hoje, a opera&ccedil;&atilde;o de emissora irregular &eacute; punida com deten&ccedil;&atilde;o de um a seis meses. O crime &eacute; previsto no artigo 70 do C&oacute;digo Brasileiro de Telecomunica&ccedil;&otilde;es (Lei 4.117\/62). A inten&ccedil;&atilde;o do deputado &eacute; propor a descriminaliza&ccedil;&atilde;o para as emissoras que operam em baixa pot&ecirc;ncia. Ao todo, s&atilde;o sete projetos (PL 4549\/98 e apensados) em discuss&atilde;o na Comiss&atilde;o de Constitui&ccedil;&atilde;o e Justi&ccedil;a e de Cidadania (CCJ).<\/p>\n<p>Alessandro Molon organizou uma reuni&atilde;o de trabalho nesta quinta-feira na CCJ para discutir o assunto com representantes do Minist&eacute;rio das Comunica&ccedil;&otilde;es, da Ag&ecirc;ncia Nacional de Telecomunica&ccedil;&otilde;es (Anatel), e das Associa&ccedil;&otilde;es de R&aacute;dios Comunit&aacute;rias e de R&aacute;dio e Televis&atilde;o comercial.<\/p>\n<p><strong>Puni&ccedil;&otilde;es diferenciadas<\/strong><\/p>\n<p>Na opini&atilde;o do deputado, seria importante estabelecer um limite de pot&ecirc;ncia que seria aceit&aacute;vel e acima do qual haveria uma puni&ccedil;&atilde;o mais grave e abaixo dele haveria a descriminaliza&ccedil;&atilde;o. &ldquo;Esse foi um elemento importante dessa reuni&atilde;o. O segundo ponto &eacute; a possibilidade de se graduar as penas, que n&atilde;o precisam necessariamente ser criminais, podem ser penas administrativas, podem ser multas, que sejam adequadas &agrave; gravidade da transgress&atilde;o perpetrada. Dessa maneira, se faz justi&ccedil;a.&rdquo;<\/p>\n<p>O coordenador-geral de Radiodifus&atilde;o Comunit&aacute;ria do Minist&eacute;rio, Ot&aacute;vio Pieranti, sugeriu a anistia criminal apenas para as transmiss&otilde;es abaixo de 100 watts. &quot;A descriminaliza&ccedil;&atilde;o pura e simples abriria a possibilidade, por exemplo, para que uma opera&ccedil;&atilde;o de televis&atilde;o ou uma opera&ccedil;&atilde;o de r&aacute;dio de alta pot&ecirc;ncia que cubra um munic&iacute;pio ou eventualmente estados diferentes, ou no caso de ondas curtas, eventualmente cubra mais do que o Pa&iacute;s e chegue a territ&oacute;rio estrangeiro. Ent&atilde;o, nos parece que h&aacute; a necessidade de se prever puni&ccedil;&otilde;es diferenciadas quanto &agrave; baixa pot&ecirc;ncia e em rela&ccedil;&atilde;o &agrave;quelas que s&atilde;o coberturas de alta pot&ecirc;ncia&quot;.<\/p>\n<p><strong>Fiscaliza&ccedil;&atilde;o<\/strong><\/p>\n<p>O gerente-geral de fiscaliza&ccedil;&atilde;o da Anatel, Jos&eacute; Joaquim de Oliveira, afirmou, no entanto, que a medida vai dificultar o poder fiscalizador da ag&ecirc;ncia. &quot;N&oacute;s simplesmente cumprimos nosso papel de fazer a administra&ccedil;&atilde;o do espectro e muitas r&aacute;dios n&atilde;o outorgadas se escondem atr&aacute;s do nome &#39;r&aacute;dio comunit&aacute;ria&#39;. Estamos cansados de encontrar esta&ccedil;&otilde;es com dois transmissores. Na hora que a fiscaliza&ccedil;&atilde;o chega, est&aacute; funcionando o transmissor de baixa pot&ecirc;ncia, mas o outro ali ao lado (de maior pot&ecirc;ncia) ainda est&aacute; quente, mostrando que ele estava em uso h&aacute; pouco tempo&quot;.<\/p>\n<p>As r&aacute;dios comunit&aacute;rias s&atilde;o emissoras locais de baixa pot&ecirc;ncia com cobertura restrita a um quil&ocirc;metro que devem ser exploradas por associa&ccedil;&otilde;es sem fins lucrativos sediadas nas comunidades onde a r&aacute;dio est&aacute; instalada. A associa&ccedil;&atilde;o que as representa reclama da lentid&atilde;o para obter uma licen&ccedil;a e reconhece que muitas est&atilde;o em situa&ccedil;&atilde;o irregular.<\/p>\n<p><strong>Tramita&ccedil;&atilde;o<\/strong><\/p>\n<p>Os projetos que tratam das puni&ccedil;&otilde;es para as r&aacute;dios irregulares j&aacute; passaram pelas comiss&otilde;es de Comiss&atilde;o de Ci&ecirc;ncia e Tecnologia, Comunica&ccedil;&atilde;o e Inform&aacute;tica; e de Seguran&ccedil;a P&uacute;blica e Combate ao Crime Organizado. Se aprovados na Comiss&atilde;o de Constitui&ccedil;&atilde;o e Justi&ccedil;a, seguem para o Plen&aacute;rio.<\/p>\n<p><a href=\"http:\/\/www.camara.gov.br\/internet\/sileg\/Prop_Detalhe.asp?id=20955\" target=\"_blank\">&Iacute;ntegra da proposta: PL-4549\/1998<br \/><\/a> <br \/><\/span><\/p>\n","protected":false},"excerpt":{"rendered":"<p>O relator dos projetos que tratam das puni&ccedil;&otilde;es para quem explorar sem autoriza&ccedil;&atilde;o o servi&ccedil;o de radiodifus&atilde;o sonora, deputado Alessandro Molon (PT-RJ), vai apresentar substitutivo &agrave;s propostas no in&iacute;cio do pr&oacute;ximo ano, incluindo sugest&otilde;es do Minist&eacute;rio das Comunica&ccedil;&otilde;es apresentadas nesta quinta-feira. Hoje, a opera&ccedil;&atilde;o de emissora irregular &eacute; punida com deten&ccedil;&atilde;o de um a seis &hellip; <a href=\"https:\/\/obscom.intervozes.org.br\/?p=26429\" class=\"more-link\">Continue lendo <span class=\"screen-reader-text\">Relator vai propor descriminaliza\u00e7\u00e3o de r\u00e1dios de baixa pot\u00eancia irregulares<\/span> <span class=\"meta-nav\">&rarr;<\/span><\/a><\/p>\n","protected":false},"author":1,"featured_media":0,"comment_status":"open","ping_status":"open","sticky":false,"template":"","format":"standard","meta":{"footnotes":""},"categories":[40],"tags":[200],"_links":{"self":[{"href":"https:\/\/obscom.intervozes.org.br\/index.php?rest_route=\/wp\/v2\/posts\/26429"}],"collection":[{"href":"https:\/\/obscom.intervozes.org.br\/index.php?rest_route=\/wp\/v2\/posts"}],"about":[{"href":"https:\/\/obscom.intervozes.org.br\/index.php?rest_route=\/wp\/v2\/types\/post"}],"author":[{"embeddable":true,"href":"https:\/\/obscom.intervozes.org.br\/index.php?rest_route=\/wp\/v2\/users\/1"}],"replies":[{"embeddable":true,"href":"https:\/\/obscom.intervozes.org.br\/index.php?rest_route=%2Fwp%2Fv2%2Fcomments&post=26429"}],"version-history":[{"count":0,"href":"https:\/\/obscom.intervozes.org.br\/index.php?rest_route=\/wp\/v2\/posts\/26429\/revisions"}],"wp:attachment":[{"href":"https:\/\/obscom.intervozes.org.br\/index.php?rest_route=%2Fwp%2Fv2%2Fmedia&parent=26429"}],"wp:term":[{"taxonomy":"category","embeddable":true,"href":"https:\/\/obscom.intervozes.org.br\/index.php?rest_route=%2Fwp%2Fv2%2Fcategories&post=26429"},{"taxonomy":"post_tag","embeddable":true,"href":"https:\/\/obscom.intervozes.org.br\/index.php?rest_route=%2Fwp%2Fv2%2Ftags&post=26429"}],"curies":[{"name":"wp","href":"https:\/\/api.w.org\/{rel}","templated":true}]}}