{"id":26420,"date":"2011-12-07T14:44:43","date_gmt":"2011-12-07T14:44:43","guid":{"rendered":"https:\/\/obscom.intervozes.org.br\/wordpress\/?p=26420"},"modified":"2011-12-07T14:44:43","modified_gmt":"2011-12-07T14:44:43","slug":"maes-da-praca-de-maio-farao-julgamento-etico-e-politico-do-grupo-clarin","status":"publish","type":"post","link":"https:\/\/obscom.intervozes.org.br\/?p=26420","title":{"rendered":"M\u00e3es da Pra\u00e7a de Maio far\u00e3o julgamento \u00e9tico e pol\u00edtico do Grupo Clar\u00edn"},"content":{"rendered":"<p><span class=\"padrao\">Est&aacute; marcado para o pr&oacute;ximo dia 22, &agrave;s 19h, na Pra&ccedil;a de Maio, um julgamento &eacute;tico e pol&iacute;tico do maior conglomerado de comunica&ccedil;&atilde;o da Argentina &#8211; o Grupo Clar&iacute;n. A iniciativa &eacute; da Associa&ccedil;&atilde;o M&atilde;es da Pra&ccedil;a de Maio com o objetivo de informar sobre a investiga&ccedil;&atilde;o que se est&aacute; fazendo sobre o di&aacute;rio Clar&iacute;n, a R&aacute;dio Mitre, o canal de TV a cabo TN, o Canal 13, a Cablevisi&oacute;n e a empresa que fabrica o papel para os jornais, a Papel Prensa. Todas as empresas fazem parte dos mais de 300 meios de comunica&ccedil;&atilde;o e empreendimentos pertencentes ao Grupo.<br \/>O processo &eacute; simb&oacute;lico e representa um pedido de liberdade de express&atilde;o, de espa&ccedil;o, de voz para defender a Lei de Meios, a liberdade sindical dos trabalhadores e pedir justi&ccedil;a, mem&oacute;ria e igualdade, assinalou Hebe de Bonafini, presidente das M&atilde;es de Maio, em coletiva de imprensa na Universidade Popular das M&atilde;es.<\/p>\n<p>&quot;Vamos fazer um julgamento &eacute;tico e pol&iacute;tico ao Grupo Clar&iacute;n. Julgamento ao Grupo que rouba crian&ccedil;as, verdades e esperan&ccedil;as. V&atilde;o dizer que &eacute; ca&ccedil;a &agrave;s bruxas, v&atilde;o dizer que &eacute; contra a liberdade de express&atilde;o, v&atilde;o dizer que &eacute; uma escalada do governo, mas n&atilde;o &eacute; nada disso. &Eacute; por nossa pr&oacute;pria liberdade, a liberdade dos sem voz&rdquo;, manifestou Hebe.<\/p>\n<p>O julgamento ter&aacute; a dura&ccedil;&atilde;o de duas horas com a participa&ccedil;&atilde;o de advogados, defensores, promotores, reclamantes e o povo como juiz. Para as M&atilde;es da Pra&ccedil;a de Maio, o ideal seria que o julgamento fosse feito pela Justi&ccedil;a, contudo, como esta chega tarde, ser&aacute; o pr&oacute;prio povo que ir&aacute; julgar e condenar o Grupo Clar&iacute;n.<\/p>\n<p>No momento, o julgamento ser&aacute; apenas contra este grupo de comunica&ccedil;&atilde;o, pois, por ter cerca de 300 ve&iacute;culos no pa&iacute;s a repercuss&atilde;o de suas not&iacute;cias &eacute; grande.<\/p>\n<p>&quot;(&#8230;) dizem uma mentira no Clar&iacute;n ou no Canal 13 e sai por todo o pa&iacute;s. Ent&atilde;o quando te difamam e arrastam pelo ch&atilde;o e te colocam como querem todo o pa&iacute;s l&ecirc;, escuta e v&ecirc; isso que n&atilde;o &eacute; certo. E isso &eacute; o que queremos mostrar &agrave;s m&atilde;es, e o que queremos comparar. O que passavam e o que diziam. O que se diz e o que se passa&rdquo;, explicou Hebe.<\/p>\n<p>O julgamento &eacute;tico e pol&iacute;tico marcado para o dia 22 n&atilde;o ser&aacute; o primeiro organizado pela Associa&ccedil;&atilde;o das M&atilde;es. M&eacute;dicos vinculados a crimes da ditadura foram julgados publicamente, assim como aconteceu no ano passado com ju&iacute;zes e jornalistas.<\/p>\n<p>Participar&atilde;o do julgamento: trabalhadores despedidos do Clar&iacute;n; a ex-ministra de Economia Felisa Miceli, o titular da Sindicatura Geral da Na&ccedil;&atilde;o &#8211; Sigen, Daniel Reposo, entre outros. Caso n&atilde;o seja poss&iacute;vel fazer o julgamento na Pra&ccedil;a de Maio, em virtude do tempo, a atividade ser&aacute; transferida para o Espa&ccedil;o Cultural Nossos Filhos, que funciona na ex Escola de Mec&acirc;nica da Armada (Esma).<\/span><\/p>\n","protected":false},"excerpt":{"rendered":"<p>Est&aacute; marcado para o pr&oacute;ximo dia 22, &agrave;s 19h, na Pra&ccedil;a de Maio, um julgamento &eacute;tico e pol&iacute;tico do maior conglomerado de comunica&ccedil;&atilde;o da Argentina &#8211; o Grupo Clar&iacute;n. A iniciativa &eacute; da Associa&ccedil;&atilde;o M&atilde;es da Pra&ccedil;a de Maio com o objetivo de informar sobre a investiga&ccedil;&atilde;o que se est&aacute; fazendo sobre o di&aacute;rio Clar&iacute;n, &hellip; <a href=\"https:\/\/obscom.intervozes.org.br\/?p=26420\" class=\"more-link\">Continue lendo <span class=\"screen-reader-text\">M\u00e3es da Pra\u00e7a de Maio far\u00e3o julgamento \u00e9tico e pol\u00edtico do Grupo Clar\u00edn<\/span> <span class=\"meta-nav\">&rarr;<\/span><\/a><\/p>\n","protected":false},"author":1,"featured_media":0,"comment_status":"open","ping_status":"open","sticky":false,"template":"","format":"standard","meta":{"footnotes":""},"categories":[40],"tags":[2],"_links":{"self":[{"href":"https:\/\/obscom.intervozes.org.br\/index.php?rest_route=\/wp\/v2\/posts\/26420"}],"collection":[{"href":"https:\/\/obscom.intervozes.org.br\/index.php?rest_route=\/wp\/v2\/posts"}],"about":[{"href":"https:\/\/obscom.intervozes.org.br\/index.php?rest_route=\/wp\/v2\/types\/post"}],"author":[{"embeddable":true,"href":"https:\/\/obscom.intervozes.org.br\/index.php?rest_route=\/wp\/v2\/users\/1"}],"replies":[{"embeddable":true,"href":"https:\/\/obscom.intervozes.org.br\/index.php?rest_route=%2Fwp%2Fv2%2Fcomments&post=26420"}],"version-history":[{"count":0,"href":"https:\/\/obscom.intervozes.org.br\/index.php?rest_route=\/wp\/v2\/posts\/26420\/revisions"}],"wp:attachment":[{"href":"https:\/\/obscom.intervozes.org.br\/index.php?rest_route=%2Fwp%2Fv2%2Fmedia&parent=26420"}],"wp:term":[{"taxonomy":"category","embeddable":true,"href":"https:\/\/obscom.intervozes.org.br\/index.php?rest_route=%2Fwp%2Fv2%2Fcategories&post=26420"},{"taxonomy":"post_tag","embeddable":true,"href":"https:\/\/obscom.intervozes.org.br\/index.php?rest_route=%2Fwp%2Fv2%2Ftags&post=26420"}],"curies":[{"name":"wp","href":"https:\/\/api.w.org\/{rel}","templated":true}]}}