{"id":26411,"date":"2011-12-05T18:19:45","date_gmt":"2011-12-05T18:19:45","guid":{"rendered":"https:\/\/obscom.intervozes.org.br\/wordpress\/?p=26411"},"modified":"2011-12-05T18:19:45","modified_gmt":"2011-12-05T18:19:45","slug":"cdes-aprova-criacao-do-conselho-de-comunicacao-social-no-rs","status":"publish","type":"post","link":"https:\/\/obscom.intervozes.org.br\/?p=26411","title":{"rendered":"CDES aprova cria\u00e7\u00e3o do Conselho de Comunica\u00e7\u00e3o Social no RS"},"content":{"rendered":"<p><span class=\"padrao\">O Pleno do Conselho de Desenvolvimento Econ&ocirc;mico e Social do Rio Grande do Sul aprovou nesta quinta-feira a cria&ccedil;&atilde;o do Conselho de Comunica&ccedil;&atilde;o Social no estado. O Conselheiro Giba Assis Brasil apresentou o relat&oacute;rio de Concerta&ccedil;&atilde;o da C&acirc;mara Tem&aacute;tica de Cultura e Comunica&ccedil;&atilde;o na reuni&atilde;o do pleno que fechou o a quinta-feira de debates do 1&deg; Encontro Ibero-americano de Conselhos Econ&ocirc;micos e Sociais, que acontece no audit&oacute;rio do Minist&eacute;rio P&uacute;blico, em Porto Alegre.<\/p>\n<p>Antes da apresenta&ccedil;&atilde;o do relat&oacute;rio, o Governador Tarso Genro falou sobre a import&acirc;ncia da cria&ccedil;&atilde;o do CCS, o quarto &oacute;rg&atilde;o do tipo no pa&iacute;s (Bahia, Para&iacute;ba e Cear&aacute; j&aacute; instalaram conselhos ou est&atilde;o em fase de debate para implanta&ccedil;&atilde;o): &ldquo;O que queremos &eacute; debater as novas tecnologias, ampliar o acesso &agrave; comunica&ccedil;&atilde;o e discutir pol&iacute;ticas p&uacute;blicas voltadas para o tema da comunica&ccedil;&atilde;o social&rdquo;. Tarso voltou a garantir que n&atilde;o h&aacute; qualquer inten&ccedil;&atilde;o de controle de conte&uacute;do ou censura dos meios de comunica&ccedil;&atilde;o, e foi duro com quem diz o contr&aacute;rio: &ldquo;Com o perd&atilde;o da palavra forte, qualquer acusa&ccedil;&atilde;o desse tipo &eacute; ignor&acirc;ncia. Todos sabem que a Constitui&ccedil;&atilde;o brasileira veda qualquer tipo de cerceamento &agrave; liberdade de pensamento, express&atilde;o e de imprensa&rdquo;.<br \/>&nbsp;<br \/>O conselheiro Giba Assis Brasil fez a apresenta&ccedil;&atilde;o do relat&oacute;rio da C&acirc;mara Tem&aacute;tica, iniciando com um breve hist&oacute;rico da origem da id&eacute;ia de cria&ccedil;&atilde;o do CCS: &ldquo;Ela nasceu como proposta da I Confer&ecirc;ncia Nacional de Comunica&ccedil;&atilde;o (Confecom), realizada em dezembro de 2009, em Bras&iacute;lia. Al&eacute;m disso, o programa do Governador Tarso Genro previa a instala&ccedil;&atilde;o do CCS&rdquo;. Giba disse ainda que o CCS de Porto Alegre, atuante na d&eacute;cada de 90 e hoje desativado, serviu de modelo, assim como CCS de diversos pa&iacute;ses, citando Fran&ccedil;a, Inglaterra e Portugal. Seguindo a fala do Governador, o conselheiro explicitou os objetivos e princ&iacute;pios &oacute;rg&atilde;o a ser criado.<\/p>\n<p>Entre os objetivos, os mais importantes s&atilde;o a preserva&ccedil;&atilde;o das liberdades de express&atilde;o, manifesta&ccedil;&atilde;o do pensamento e da atividade jornal&iacute;stica, assim como a veda&ccedil;&atilde;o de qualquer tipo de censura. Da mesma forma, o CCS buscar&aacute; promover o direito de resposta, a preserva&ccedil;&atilde;o da intimidade pessoal e o impedimento de forma&ccedil;&atilde;o de monop&oacute;lios e oligop&oacute;lios pelas empresas de comunica&ccedil;&atilde;o. Em rela&ccedil;&atilde;o aos princ&iacute;pios, o CCS ser&aacute; um &oacute;rg&atilde;o consultivo do Executivo, independente e constitu&iacute;do por membros volunt&aacute;rios e com mandato estipulado de dois anos, com possibilidade de reelei&ccedil;&atilde;o por mais dois anos.<\/p>\n<p>A partir da aprova&ccedil;&atilde;o pelo pleno, ser&aacute; formado um grupo de trabalho composto por conselheiros e membros do governo (mais especificamente da Casa Civil) que v&atilde;o elaborar o projeto de lei a ser apresentado &agrave; Assembl&eacute;ia Legislativa, como exige a constitui&ccedil;&atilde;o estadual. Ainda n&atilde;o h&aacute; previs&atilde;o de quando o projeto chegar&aacute; ao legislativo.<\/p>\n<p>Na mesma reuni&atilde;o do pleno, foi apresentado o relat&oacute;rio de Concerta&ccedil;&atilde;o da C&acirc;mara Tem&aacute;tica dos Ped&aacute;gios. O encaminhamento prop&ocirc;s a n&atilde;o renova&ccedil;&atilde;o dos contratos atuais e a elabora&ccedil;&atilde;o de um novo modelo plural de arrecada&ccedil;&atilde;o que atenda a especificidade de cada rodovia. Outra importante recomenda&ccedil;&atilde;o do Conselho foi a extin&ccedil;&atilde;o de pra&ccedil;as de ped&aacute;gios em per&iacute;metros urbanos que dificultam a circula&ccedil;&atilde;o dos moradores das cidades onde as pra&ccedil;as se localizam. Em entrevista ap&oacute;s a sess&atilde;o do Pleno, o Governador Tarso Genro garantiu que continuar&aacute; a conversar com as concession&aacute;rias, mas afirmou que a renova&ccedil;&atilde;o dos atuais contratos n&atilde;o est&aacute; nos planos do governo.<\/span><\/p>\n","protected":false},"excerpt":{"rendered":"<p>O Pleno do Conselho de Desenvolvimento Econ&ocirc;mico e Social do Rio Grande do Sul aprovou nesta quinta-feira a cria&ccedil;&atilde;o do Conselho de Comunica&ccedil;&atilde;o Social no estado. O Conselheiro Giba Assis Brasil apresentou o relat&oacute;rio de Concerta&ccedil;&atilde;o da C&acirc;mara Tem&aacute;tica de Cultura e Comunica&ccedil;&atilde;o na reuni&atilde;o do pleno que fechou o a quinta-feira de debates do &hellip; <a href=\"https:\/\/obscom.intervozes.org.br\/?p=26411\" class=\"more-link\">Continue lendo <span class=\"screen-reader-text\">CDES aprova cria\u00e7\u00e3o do Conselho de Comunica\u00e7\u00e3o Social no RS<\/span> <span class=\"meta-nav\">&rarr;<\/span><\/a><\/p>\n","protected":false},"author":1,"featured_media":0,"comment_status":"open","ping_status":"open","sticky":false,"template":"","format":"standard","meta":{"footnotes":""},"categories":[40],"tags":[1454],"_links":{"self":[{"href":"https:\/\/obscom.intervozes.org.br\/index.php?rest_route=\/wp\/v2\/posts\/26411"}],"collection":[{"href":"https:\/\/obscom.intervozes.org.br\/index.php?rest_route=\/wp\/v2\/posts"}],"about":[{"href":"https:\/\/obscom.intervozes.org.br\/index.php?rest_route=\/wp\/v2\/types\/post"}],"author":[{"embeddable":true,"href":"https:\/\/obscom.intervozes.org.br\/index.php?rest_route=\/wp\/v2\/users\/1"}],"replies":[{"embeddable":true,"href":"https:\/\/obscom.intervozes.org.br\/index.php?rest_route=%2Fwp%2Fv2%2Fcomments&post=26411"}],"version-history":[{"count":0,"href":"https:\/\/obscom.intervozes.org.br\/index.php?rest_route=\/wp\/v2\/posts\/26411\/revisions"}],"wp:attachment":[{"href":"https:\/\/obscom.intervozes.org.br\/index.php?rest_route=%2Fwp%2Fv2%2Fmedia&parent=26411"}],"wp:term":[{"taxonomy":"category","embeddable":true,"href":"https:\/\/obscom.intervozes.org.br\/index.php?rest_route=%2Fwp%2Fv2%2Fcategories&post=26411"},{"taxonomy":"post_tag","embeddable":true,"href":"https:\/\/obscom.intervozes.org.br\/index.php?rest_route=%2Fwp%2Fv2%2Ftags&post=26411"}],"curies":[{"name":"wp","href":"https:\/\/api.w.org\/{rel}","templated":true}]}}