{"id":26409,"date":"2011-12-02T17:03:53","date_gmt":"2011-12-02T17:03:53","guid":{"rendered":"https:\/\/obscom.intervozes.org.br\/wordpress\/?p=26409"},"modified":"2011-12-02T17:03:53","modified_gmt":"2011-12-02T17:03:53","slug":"debate-publico-do-marco-legal-das-comunicacoes-so-deve-comecar-em-2012","status":"publish","type":"post","link":"https:\/\/obscom.intervozes.org.br\/?p=26409","title":{"rendered":"Debate p\u00fablico do Marco Legal das Comunica\u00e7\u00f5es s\u00f3 deve come\u00e7ar em 2012"},"content":{"rendered":"<p><strong>Samuel Possebon &#8211; Teletime<\/strong><\/p>\n<p>S&atilde;o pequenas as chances de que haja qualquer novidade em rela&ccedil;&atilde;o ao Marco Legal das Comunica&ccedil;&otilde;es ainda este ano. O ministro das Comunica&ccedil;&otilde;es, Paulo Bernardo, preferiu n&atilde;o confirmar sequer se ser&atilde;o publicadas as perguntas que o Minicom prepara sobre o tema para colher contribui&ccedil;&otilde;es antes da consulta p&uacute;blica, mas disse acreditar que ainda &quot;h&aacute; tempo porque estamos no come&ccedil;o do m&ecirc;s&quot;. <\/p>\n<p>Segundo apurou este notici&aacute;rio, n&atilde;o houve ainda o sinal verde do Pal&aacute;cio do Planalto para que o Minicom intensifique o ritmo e submeta alguma coisa para o p&uacute;blico. A ideia &eacute; limpar a pauta do Executivo, j&aacute; bastante congestionada, antes de colocar novos temas complicados na agenda.<\/p>\n<p>Paulo Bernardo disse, contudo, que acredita que a discuss&atilde;o da Lei 12.485\/2011 (Lei do SeAC), que criou o novo marco para o setor de TV por assinatura, j&aacute; ajudou a trazer alguns temas que devem entrar em uma lei mais ampla, que se aplique tamb&eacute;m &agrave; TV aberta. Ele citou diretamente a quest&atilde;o das cotas de produ&ccedil;&atilde;o regional e independente. &quot;S&atilde;o princ&iacute;pios que est&atilde;o na Constitui&ccedil;&atilde;o e que devem ser aplicados para a TV aberta tamb&eacute;m &quot;, disse o ministro, ressaltando que o Congresso j&aacute; est&aacute; familiarizado com essa quest&atilde;o por conta da Lei do SeAC.<\/p>\n","protected":false},"excerpt":{"rendered":"<p>Samuel Possebon &#8211; Teletime S&atilde;o pequenas as chances de que haja qualquer novidade em rela&ccedil;&atilde;o ao Marco Legal das Comunica&ccedil;&otilde;es ainda este ano. O ministro das Comunica&ccedil;&otilde;es, Paulo Bernardo, preferiu n&atilde;o confirmar sequer se ser&atilde;o publicadas as perguntas que o Minicom prepara sobre o tema para colher contribui&ccedil;&otilde;es antes da consulta p&uacute;blica, mas disse acreditar &hellip; <a href=\"https:\/\/obscom.intervozes.org.br\/?p=26409\" class=\"more-link\">Continue lendo <span class=\"screen-reader-text\">Debate p\u00fablico do Marco Legal das Comunica\u00e7\u00f5es s\u00f3 deve come\u00e7ar em 2012<\/span> <span class=\"meta-nav\">&rarr;<\/span><\/a><\/p>\n","protected":false},"author":1,"featured_media":0,"comment_status":"open","ping_status":"open","sticky":false,"template":"","format":"standard","meta":{"footnotes":""},"categories":[39],"tags":[],"_links":{"self":[{"href":"https:\/\/obscom.intervozes.org.br\/index.php?rest_route=\/wp\/v2\/posts\/26409"}],"collection":[{"href":"https:\/\/obscom.intervozes.org.br\/index.php?rest_route=\/wp\/v2\/posts"}],"about":[{"href":"https:\/\/obscom.intervozes.org.br\/index.php?rest_route=\/wp\/v2\/types\/post"}],"author":[{"embeddable":true,"href":"https:\/\/obscom.intervozes.org.br\/index.php?rest_route=\/wp\/v2\/users\/1"}],"replies":[{"embeddable":true,"href":"https:\/\/obscom.intervozes.org.br\/index.php?rest_route=%2Fwp%2Fv2%2Fcomments&post=26409"}],"version-history":[{"count":0,"href":"https:\/\/obscom.intervozes.org.br\/index.php?rest_route=\/wp\/v2\/posts\/26409\/revisions"}],"wp:attachment":[{"href":"https:\/\/obscom.intervozes.org.br\/index.php?rest_route=%2Fwp%2Fv2%2Fmedia&parent=26409"}],"wp:term":[{"taxonomy":"category","embeddable":true,"href":"https:\/\/obscom.intervozes.org.br\/index.php?rest_route=%2Fwp%2Fv2%2Fcategories&post=26409"},{"taxonomy":"post_tag","embeddable":true,"href":"https:\/\/obscom.intervozes.org.br\/index.php?rest_route=%2Fwp%2Fv2%2Ftags&post=26409"}],"curies":[{"name":"wp","href":"https:\/\/api.w.org\/{rel}","templated":true}]}}