{"id":26398,"date":"2011-11-30T16:46:01","date_gmt":"2011-11-30T16:46:01","guid":{"rendered":"https:\/\/obscom.intervozes.org.br\/wordpress\/?p=26398"},"modified":"2011-11-30T16:46:01","modified_gmt":"2011-11-30T16:46:01","slug":"para-provedores-mudar-norma-4-e-apostar-em-monopolio-privado-de-acesso-a-internet","status":"publish","type":"post","link":"https:\/\/obscom.intervozes.org.br\/?p=26398","title":{"rendered":"Para provedores, mudar Norma 4 \u00e9 apostar em monop\u00f3lio privado de acesso \u00e0 Internet"},"content":{"rendered":"<p>Para os pequenos provedores de acesso &agrave; Internet, a mudan&ccedil;a na Norma 4\/95, conforme provoca&ccedil;&atilde;o feita pelo Minist&eacute;rio das Comunica&ccedil;&otilde;es &agrave; Anatel, teria um resultado claro no mercado: maior concentra&ccedil;&atilde;o dos servi&ccedil;os nas grandes operadoras, em especial, nas concession&aacute;rias de telefonia.<\/p>\n<p>&ldquo;Unir o servi&ccedil;o de telecomunica&ccedil;&otilde;es com a camada l&oacute;gica &eacute; verticalizar ainda mais esse mercado em benef&iacute;cio das concession&aacute;rias, &eacute;, na pr&aacute;tica, a op&ccedil;&atilde;o pelo monop&oacute;lio privado&rdquo;, destacou o presidente do conselho consultivo da Abranet, Eduardo Parajo, durante audi&ecirc;ncia na C&acirc;mara dos Deputados, realizada nesta ter&ccedil;a-feira, 29\/11.<\/p>\n<p>Ele lembra que &ldquo;um dos pontos chave da Norma 4 &eacute; a determina&ccedil;&atilde;o de condi&ccedil;&otilde;es ison&ocirc;micas de acesso &agrave;s redes. Isso significa que as condi&ccedil;&otilde;es oferecidas para o provedor do mesmo grupo econ&ocirc;mico da detentora de infraestrutura deve ser mantido para algu&eacute;m de fora do grupo&rdquo;.<\/p>\n<p>&ldquo;Ainda que fa&ccedil;a sentido analisar uma regra estabelecida em 1995, portanto h&aacute; 16 anos, temos medo, e esperamos que o governo tamb&eacute;m, que a revis&atilde;o gere um cartel&rdquo;, afirmou o deputado Paulo Folheto (PSB-ES), autor do requerimento para discutir o assunto na Comiss&atilde;o de Ci&ecirc;ncia e Tecnologia.<\/p>\n<p>O delicado equil&iacute;brio do tema transpareceu nos posicionamentos defensivos do governo e da Anatel. &ldquo;N&atilde;o estamos falando em regula&ccedil;&atilde;o da Internet pela Anatel. N&atilde;o se trata de regula&ccedil;&atilde;o de conte&uacute;do&rdquo;, insistiu a secret&aacute;ria adjunta de Telecomunica&ccedil;&otilde;es do Minicom, Miriam Wimmer.<\/p>\n<p>A secret&aacute;ria destacou que a quest&atilde;o exige avalia&ccedil;&atilde;o de alternativas, como os provedores de acesso se tornarem operadores de SCM ou mesmo revendedores de capacidade. &ldquo;Sabemos que h&aacute; modelos de neg&oacute;cio baseados na norma. Nada ser&aacute; decidido na canetada&rdquo;, completou Wimmer.<\/p>\n<p>De sua parte, a Anatel &#8211; que chegou a ter questionada pelos parlamentares a compet&ecirc;ncia para tratar do assunto &#8211; sustentou sua apresenta&ccedil;&atilde;o no que podem ser chamadas de medidas compensat&oacute;rias aos pequenos provedores, como a revenda de capacidade ou a redu&ccedil;&atilde;o no pre&ccedil;o das licen&ccedil;as de SCM.<\/p>\n<p>O secret&aacute;rio de Pol&iacute;ticas de Inform&aacute;tica do MCT e coordenador do CGI, Virg&iacute;lio Almeida ressaltou a necessidade de ser mantida a diferencia&ccedil;&atilde;o entre o Servi&ccedil;o de Valor Adicionado que &eacute; a oferta de acesso &agrave; Internet, e o servi&ccedil;o de telecomunica&ccedil;&otilde;es. &ldquo;A distin&ccedil;&atilde;o &eacute; fundamental&rdquo;, sustentou.<\/p>\n<p>&ldquo;Ainda que seja importante revisar, &eacute; importante que ela n&atilde;o leve a perdas. &Eacute; importantes termos empresas brasileiras capazes de gerar tecnologia, empresas que criam empregos qualificados no pa&iacute;s, que fa&ccedil;am conte&uacute;do nacional&rdquo;, destacou Almeida.<\/p>\n<p>Os pequenos provedores lembraram ainda que o Brasil &eacute; um dos pa&iacute;ses de forte demanda por conte&uacute;dos nacionais na rede &#8211; na verdade, mais da metade do que &eacute; acessado aqui est&aacute; em servidores localizados no pa&iacute;s e em l&iacute;ngua portuguesa.<\/p>\n","protected":false},"excerpt":{"rendered":"<p>Para os pequenos provedores de acesso &agrave; Internet, a mudan&ccedil;a na Norma 4\/95, conforme provoca&ccedil;&atilde;o feita pelo Minist&eacute;rio das Comunica&ccedil;&otilde;es &agrave; Anatel, teria um resultado claro no mercado: maior concentra&ccedil;&atilde;o dos servi&ccedil;os nas grandes operadoras, em especial, nas concession&aacute;rias de telefonia. &ldquo;Unir o servi&ccedil;o de telecomunica&ccedil;&otilde;es com a camada l&oacute;gica &eacute; verticalizar ainda mais esse &hellip; <a href=\"https:\/\/obscom.intervozes.org.br\/?p=26398\" class=\"more-link\">Continue lendo <span class=\"screen-reader-text\">Para provedores, mudar Norma 4 \u00e9 apostar em monop\u00f3lio privado de acesso \u00e0 Internet<\/span> <span class=\"meta-nav\">&rarr;<\/span><\/a><\/p>\n","protected":false},"author":1,"featured_media":0,"comment_status":"open","ping_status":"open","sticky":false,"template":"","format":"standard","meta":{"footnotes":""},"categories":[40],"tags":[164],"_links":{"self":[{"href":"https:\/\/obscom.intervozes.org.br\/index.php?rest_route=\/wp\/v2\/posts\/26398"}],"collection":[{"href":"https:\/\/obscom.intervozes.org.br\/index.php?rest_route=\/wp\/v2\/posts"}],"about":[{"href":"https:\/\/obscom.intervozes.org.br\/index.php?rest_route=\/wp\/v2\/types\/post"}],"author":[{"embeddable":true,"href":"https:\/\/obscom.intervozes.org.br\/index.php?rest_route=\/wp\/v2\/users\/1"}],"replies":[{"embeddable":true,"href":"https:\/\/obscom.intervozes.org.br\/index.php?rest_route=%2Fwp%2Fv2%2Fcomments&post=26398"}],"version-history":[{"count":0,"href":"https:\/\/obscom.intervozes.org.br\/index.php?rest_route=\/wp\/v2\/posts\/26398\/revisions"}],"wp:attachment":[{"href":"https:\/\/obscom.intervozes.org.br\/index.php?rest_route=%2Fwp%2Fv2%2Fmedia&parent=26398"}],"wp:term":[{"taxonomy":"category","embeddable":true,"href":"https:\/\/obscom.intervozes.org.br\/index.php?rest_route=%2Fwp%2Fv2%2Fcategories&post=26398"},{"taxonomy":"post_tag","embeddable":true,"href":"https:\/\/obscom.intervozes.org.br\/index.php?rest_route=%2Fwp%2Fv2%2Ftags&post=26398"}],"curies":[{"name":"wp","href":"https:\/\/api.w.org\/{rel}","templated":true}]}}