{"id":26396,"date":"2011-11-30T16:37:24","date_gmt":"2011-11-30T16:37:24","guid":{"rendered":"https:\/\/obscom.intervozes.org.br\/wordpress\/?p=26396"},"modified":"2011-11-30T16:37:24","modified_gmt":"2011-11-30T16:37:24","slug":"brasil-vai-propor-discussao-na-onu-sobre-democratizacao-da-gestao-da-internet","status":"publish","type":"post","link":"https:\/\/obscom.intervozes.org.br\/?p=26396","title":{"rendered":"Brasil vai propor discuss\u00e3o na ONU sobre democratiza\u00e7\u00e3o da gest\u00e3o da internet"},"content":{"rendered":"<p>O Brasil est&aacute; negociando com a Organiza&ccedil;&atilde;o das Na&ccedil;&otilde;es Unidas (ONU) a democratiza&ccedil;&atilde;o da gest&atilde;o da internet, que atualmente est&aacute; nas m&atilde;os de duas ou tr&ecirc;s entidades norte-americanas, informou hoje (28) o porta-voz do Minist&eacute;rio das Rela&ccedil;&otilde;es Exteriores, embaixador Tovar da Silva Nunes. Segundo ele, esses pa&iacute;ses t&ecirc;m o controle dos endere&ccedil;amentos da rede, da distribui&ccedil;&atilde;o de n&uacute;meros IP (Internet Protocol) e de nomes de dom&iacute;nio (que definem como s&atilde;o chamadas as p&aacute;ginas de internet).<\/p>\n<p>&ldquo;Essa gest&atilde;o dos fluxos de informa&ccedil;&atilde;o hoje est&aacute; muito concentrada. N&atilde;o &eacute; inclusivo, n&atilde;o &eacute; seguro, n&atilde;o &eacute; justo, nem desej&aacute;vel. A ideia &eacute; agregar novos atores. O dom&iacute;nio da internet est&aacute; sob a &eacute;gide do governo norte-americano. H&aacute; outros atores que agem lateralmente. A ideia &eacute; moderar essa gest&atilde;o&rdquo;, disse.<\/p>\n<p>Tovar participou nesta manh&atilde; da apresenta&ccedil;&atilde;o oficial da campanha para a Rio+20, a confer&ecirc;ncia mundial sobre desenvolvimento sustent&aacute;vel promovida pela ONU. Dentre as propostas do pa&iacute;s para o evento, o Brasil defendeu a cria&ccedil;&atilde;o de uma conven&ccedil;&atilde;o global sobre acesso &agrave; informa&ccedil;&atilde;o. &ldquo;Se a pessoa n&atilde;o tem informa&ccedil;&atilde;o, muito dificilmente ela ser&aacute; mobilizada a atuar para o desenvolvimento sustent&aacute;vel. A proposta ser&aacute; negociada em Nova York, mas tamb&eacute;m ser&aacute; objeto de negocia&ccedil;&atilde;o na pr&oacute;pria Rio+20&rdquo;, destacou o porta-voz.<\/p>\n<p>Ele tamb&eacute;m ressaltou o esfor&ccedil;o do governo brasileiro para diminuir a depend&ecirc;ncia da parte f&iacute;sica, referente &agrave; infraestrutura que viabiliza o acesso &agrave; informa&ccedil;&atilde;o, inclusive a internet, em rela&ccedil;&atilde;o aos pa&iacute;ses mais desenvolvidos. &ldquo;Os minist&eacute;rios do Planejamento, das Comunica&ccedil;&otilde;es, o Itamaraty, entre outros minist&eacute;rios, v&atilde;o se reunir no pr&oacute;ximo dia 29, no &acirc;mbito da Unasul [Uni&atilde;o de Na&ccedil;&otilde;es Sul-Americanas], para criarmos um anel [de fibra &oacute;tica] que sirva &agrave; Am&eacute;rica do Sul&rdquo;, disse.<\/p>\n<p>Segundo o porta-voz, est&aacute; em estudo, pelo Brasil, uma intera&ccedil;&atilde;o entre a Am&eacute;rica do Sul e a &Aacute;frica para sanar depend&ecirc;ncias f&iacute;sicas de comunica&ccedil;&atilde;o.<\/p>\n<p>Os Estados Unidos justificam o controle dos fluxos de informa&ccedil;&atilde;o virtuais por terem sido o pa&iacute;s criador da internet, em um projeto do Pent&aacute;gono, e por terem sido o principal financiador desse projeto.<\/p>\n","protected":false},"excerpt":{"rendered":"<p>O Brasil est&aacute; negociando com a Organiza&ccedil;&atilde;o das Na&ccedil;&otilde;es Unidas (ONU) a democratiza&ccedil;&atilde;o da gest&atilde;o da internet, que atualmente est&aacute; nas m&atilde;os de duas ou tr&ecirc;s entidades norte-americanas, informou hoje (28) o porta-voz do Minist&eacute;rio das Rela&ccedil;&otilde;es Exteriores, embaixador Tovar da Silva Nunes. Segundo ele, esses pa&iacute;ses t&ecirc;m o controle dos endere&ccedil;amentos da rede, da &hellip; <a href=\"https:\/\/obscom.intervozes.org.br\/?p=26396\" class=\"more-link\">Continue lendo <span class=\"screen-reader-text\">Brasil vai propor discuss\u00e3o na ONU sobre democratiza\u00e7\u00e3o da gest\u00e3o da internet<\/span> <span class=\"meta-nav\">&rarr;<\/span><\/a><\/p>\n","protected":false},"author":1,"featured_media":0,"comment_status":"open","ping_status":"open","sticky":false,"template":"","format":"standard","meta":{"footnotes":""},"categories":[40],"tags":[366],"_links":{"self":[{"href":"https:\/\/obscom.intervozes.org.br\/index.php?rest_route=\/wp\/v2\/posts\/26396"}],"collection":[{"href":"https:\/\/obscom.intervozes.org.br\/index.php?rest_route=\/wp\/v2\/posts"}],"about":[{"href":"https:\/\/obscom.intervozes.org.br\/index.php?rest_route=\/wp\/v2\/types\/post"}],"author":[{"embeddable":true,"href":"https:\/\/obscom.intervozes.org.br\/index.php?rest_route=\/wp\/v2\/users\/1"}],"replies":[{"embeddable":true,"href":"https:\/\/obscom.intervozes.org.br\/index.php?rest_route=%2Fwp%2Fv2%2Fcomments&post=26396"}],"version-history":[{"count":0,"href":"https:\/\/obscom.intervozes.org.br\/index.php?rest_route=\/wp\/v2\/posts\/26396\/revisions"}],"wp:attachment":[{"href":"https:\/\/obscom.intervozes.org.br\/index.php?rest_route=%2Fwp%2Fv2%2Fmedia&parent=26396"}],"wp:term":[{"taxonomy":"category","embeddable":true,"href":"https:\/\/obscom.intervozes.org.br\/index.php?rest_route=%2Fwp%2Fv2%2Fcategories&post=26396"},{"taxonomy":"post_tag","embeddable":true,"href":"https:\/\/obscom.intervozes.org.br\/index.php?rest_route=%2Fwp%2Fv2%2Ftags&post=26396"}],"curies":[{"name":"wp","href":"https:\/\/api.w.org\/{rel}","templated":true}]}}