{"id":26393,"date":"2011-11-28T18:28:09","date_gmt":"2011-11-28T18:28:09","guid":{"rendered":"https:\/\/obscom.intervozes.org.br\/wordpress\/?p=26393"},"modified":"2011-11-28T18:28:09","modified_gmt":"2011-11-28T18:28:09","slug":"bahia-tem-o-primeiro-conselho-de-comunicacao-do-pais","status":"publish","type":"post","link":"https:\/\/obscom.intervozes.org.br\/?p=26393","title":{"rendered":"Bahia tem o primeiro Conselho de Comunica\u00e7\u00e3o do pa\u00eds"},"content":{"rendered":"<p>O governo da Bahia deu, nesta sexta-feira (25\/11), mais um importante passo em dire&ccedil;&atilde;o &agrave; garantia do direito &agrave; comunica&ccedil;&atilde;o da popula&ccedil;&atilde;o, ao realizar a elei&ccedil;&atilde;o dos representantes da sociedade civil para o Conselho Estadual de Comunica&ccedil;&atilde;o Social, o primeiro no Brasil. Foram eleitas 20 entidades, sendo 10 do segmento empresarial e 10 do movimento social, que tomar&atilde;o posse no dia 12 de dezembro, juntamente com os sete indicados pelo governo do Estado.<\/p>\n<p>&ldquo;Hoje tivemos a elei&ccedil;&atilde;o de um f&oacute;rum que re&uacute;ne todos para discutir pol&iacute;ticas p&uacute;blicas de comunica&ccedil;&atilde;o na Bahia. N&oacute;s fomos os primeiros a fazer uma Confer&ecirc;ncia Estadual e tamb&eacute;m somos os primeiros a criar o Conselho de Comunica&ccedil;&atilde;o com este formato de f&oacute;rum de debates. O nosso objetivo &eacute; favorecer que todos que trabalham na &aacute;rea, sejam jornalistas, radialistas ou empres&aacute;rios, possam contribuir para que esta atividade econ&ocirc;mica possa gerar emprego e renda para o nosso povo&rdquo;, comemorou o secret&aacute;rio de Comunica&ccedil;&atilde;o da Bahia, Robinson Almeida.<\/p>\n<p>Almeida ressaltou ainda que a filosofia da Secretaria de Comunica&ccedil;&atilde;o &eacute; a mesma do governo, de participa&ccedil;&atilde;o popular e enfoque social. &ldquo;Estamos tratando a &aacute;rea de comunica&ccedil;&atilde;o com a mesma import&acirc;ncia de outras, como cultura, ci&ecirc;ncia e tecnologia, sa&uacute;de e educa&ccedil;&atilde;o. Como uma &aacute;rea que precisa da presen&ccedil;a do Estado para produzir pol&iacute;ticas de comunica&ccedil;&atilde;o e o faz na forma de confer&ecirc;ncias, ouvindo a contribui&ccedil;&atilde;o da sociedade, com um Conselho, onde os membros possam sugerir e opinar sobre os rumos da comunica&ccedil;&atilde;o da Bahia&rdquo;, disse.<\/p>\n<p><strong>Marco hist&oacute;rico<\/strong><\/p>\n<p>A implementa&ccedil;&atilde;o do Conselho de Comunica&ccedil;&atilde;o da Bahia est&aacute; sendo amplamente comemorado pelos movimentos sociais. &ldquo;A elei&ccedil;&atilde;o de hoje coroa uma luta dos movimentos pela democratiza&ccedil;&atilde;o da comunica&ccedil;&atilde;o e &eacute; um marco hist&oacute;rico para a luta para garantir o direito &aacute; comunica&ccedil;&atilde;o no pa&iacute;s&rdquo;, destacou Emanoel Souza, representante da CTB no Conselho.<\/p>\n<p>Presente nas discuss&otilde;es desde a 1&ordf; Confer&ecirc;ncia e um dos membros do grupo de trabalho que elaborou o projeto do Conselho, Pedro Carib&eacute;, do Coletivo Intervozes, tamb&eacute;m comemorou mais uma etapa vencida. &ldquo;A democracia n&atilde;o est&aacute; s&oacute; no Conselho implementado, mas como ele vai desenvolver at&eacute; chegar a sua posse a sua execu&ccedil;&atilde;o. Ent&atilde;o, o processo eleitoral &eacute; um elemento fundamental para legitimar toda a democracia para a gente na constru&ccedil;&atilde;o do Conselho. O desafio agora &eacute; permanecer este esp&iacute;rito de participa&ccedil;&atilde;o, de igualdade entre os setores. S&oacute; assim o Conselho ter&aacute; uma legitimidade na sociedade e capacidade de interven&ccedil;&atilde;o como n&oacute;s desejamos&rdquo;, acrescentou.<\/p>\n<p><strong>Entidades eleitas<\/strong><\/p>\n<p>O movimento social est&aacute; muito bem representado no Conselho, atrav&eacute;s de entidades como a R&aacute;dio Comunit&aacute;ria Santa Luz, Vermelho, Cip&oacute;, Intervozes, Bar&atilde;o de Itarar&eacute;, Renascer Mulher, UBM, CTB e Sinterp, como titulares. A supl&ecirc;ncia ser&aacute; ocupada pela Sintel, Abra&ccedil;o, Nego D&rsquo;&Aacute;gua, Unegro, Idase, Arcaa, FNDC, CUT, UJS e Fetag.<\/p>\n<p>No outro segmento estar&atilde;o no Conselho a ABI, Facom-UFBA, TV Aratu, Grupo Tucano de Comunica&ccedil;&atilde;o, ATarde, Rocha Propaganda e Marketing, OI, Uranus 5, ARX30 Produtora e o Bahia Not&iacute;cias. Na supl&ecirc;ncia est&atilde;o a OAB-Bahia, UNEB, TV Itabuna, Folha do Estado, Tempo Propaganda, Central de Outdoor, Malagueta Cinema e V&iacute;deo, Sinditelebr&aacute;s e Not&iacute;cias do Sert&atilde;o.<\/p>\n<p>&ldquo;Esta elei&ccedil;&atilde;o foi um passo muito importante para a comunica&ccedil;&atilde;o no estado, pois visa uma democratiza&ccedil;&atilde;o dos meios e a melhoria da qualidade dos conte&uacute;dos. A Associa&ccedil;&atilde;o Vermelho participou ativamente dos debates, desde o in&iacute;cio, e contribuiu bastante com o processo para se chegar a este Conselho. Agora temos a oportunidade de efetivamente tratar da comunica&ccedil;&atilde;o como um direito humano&rdquo;, concluiu Fernando Udo, representante do Vermelho no Conselho.<\/p>\n","protected":false},"excerpt":{"rendered":"<p>Estado finaliza processo de elei&ccedil;&atilde;o dos 20 representantes da sociedade civil. Novos conselheiros ir&atilde;o tomar posse no dia 12 de dexembro, juntamente com os representantes do governo.<\/p>\n","protected":false},"author":1,"featured_media":0,"comment_status":"open","ping_status":"open","sticky":false,"template":"","format":"standard","meta":{"footnotes":""},"categories":[40],"tags":[1454],"_links":{"self":[{"href":"https:\/\/obscom.intervozes.org.br\/index.php?rest_route=\/wp\/v2\/posts\/26393"}],"collection":[{"href":"https:\/\/obscom.intervozes.org.br\/index.php?rest_route=\/wp\/v2\/posts"}],"about":[{"href":"https:\/\/obscom.intervozes.org.br\/index.php?rest_route=\/wp\/v2\/types\/post"}],"author":[{"embeddable":true,"href":"https:\/\/obscom.intervozes.org.br\/index.php?rest_route=\/wp\/v2\/users\/1"}],"replies":[{"embeddable":true,"href":"https:\/\/obscom.intervozes.org.br\/index.php?rest_route=%2Fwp%2Fv2%2Fcomments&post=26393"}],"version-history":[{"count":0,"href":"https:\/\/obscom.intervozes.org.br\/index.php?rest_route=\/wp\/v2\/posts\/26393\/revisions"}],"wp:attachment":[{"href":"https:\/\/obscom.intervozes.org.br\/index.php?rest_route=%2Fwp%2Fv2%2Fmedia&parent=26393"}],"wp:term":[{"taxonomy":"category","embeddable":true,"href":"https:\/\/obscom.intervozes.org.br\/index.php?rest_route=%2Fwp%2Fv2%2Fcategories&post=26393"},{"taxonomy":"post_tag","embeddable":true,"href":"https:\/\/obscom.intervozes.org.br\/index.php?rest_route=%2Fwp%2Fv2%2Ftags&post=26393"}],"curies":[{"name":"wp","href":"https:\/\/api.w.org\/{rel}","templated":true}]}}