{"id":26392,"date":"2011-11-28T17:57:19","date_gmt":"2011-11-28T17:57:19","guid":{"rendered":"https:\/\/obscom.intervozes.org.br\/wordpress\/?p=26392"},"modified":"2011-11-28T17:57:19","modified_gmt":"2011-11-28T17:57:19","slug":"comissao-de-negociacao-da-abraco-vai-ao-minicom-em-busca-de-mais-avancos","status":"publish","type":"post","link":"https:\/\/obscom.intervozes.org.br\/?p=26392","title":{"rendered":"Comiss\u00e3o de Negocia\u00e7\u00e3o da Abra\u00e7o vai ao Minicom em busca de mais avan\u00e7os"},"content":{"rendered":"<p>A Comiss&atilde;o de Negocia&ccedil;&atilde;o da Abra&ccedil;o se reuniu nesta sexta-feira (25) com o Secret&aacute;rio Executivo do Minist&eacute;rio das Comunica&ccedil;&otilde;es Cezar Alvarez. No encontro, a comiss&atilde;o voltou a ressaltar as quest&otilde;es de abrang&ecirc;ncia, apoio cultural e a mudan&ccedil;a na portaria 462. Foi destacada tamb&eacute;m a import&acirc;ncia da fiscaliza&ccedil;&atilde;o educativa, que teria o objetivo de advertir as emissoras com instru&ccedil;&otilde;es de funcionamento e prazos para adapta&ccedil;&atilde;o. A reuni&atilde;o contou tamb&eacute;m com o Secret&aacute;rio de Servi&ccedil;os de Comunica&ccedil;&atilde;o Eletr&ocirc;nica, Genildo Lins, e o Deputado Federal Policarpo (PT-DF).<\/p>\n<p>Durante a reuni&atilde;o no Minist&eacute;rio das Comunica&ccedil;&otilde;es, a Comiss&atilde;o de Negocia&ccedil;&atilde;o da Abra&ccedil;o, pode expor as reivindica&ccedil;&otilde;es presentes na pauta da entidade. Um dos principais pontos colocados em debate foi necessidade de mudan&ccedil;a da portaria 462. Para o Deputado Federal Policarpo (PT-DF), as dificuldades que as r&aacute;dios comunit&aacute;rias enfrentam, n&atilde;o &eacute; quest&atilde;o jur&iacute;dica. &ldquo;O decreto n&atilde;o est&aacute; sob responsabilidade direta do Minicom, mas a portaria 462 sim. Portanto, o Minicom pode fazer uma modifica&ccedil;&atilde;o nesta portaria, pois os maiores problemas para as r&aacute;dios comunit&aacute;rias vieram a partir dela&rdquo;, manifestou Policarpo.<\/p>\n<p>O Coordenador Executivo da Abra&ccedil;o Nacional Jos&eacute; S&oacute;ter, lembrou que a Lei 9612 &eacute; uma conquista das r&aacute;dios comunit&aacute;rias, e que ela n&atilde;o pode ser mudada. De acordo com ele, todas as fiscaliza&ccedil;&otilde;es da Anatel tem sido sum&aacute;rias, e que &eacute; preciso realizar a fiscaliza&ccedil;&atilde;o educacional, para que as r&aacute;dios comunit&aacute;rias tenham instru&ccedil;&atilde;o e tempo de se adequarem &agrave;s normas da Anatel. O Secret&aacute;rio Cezar Alvarez afirmou que o Minicom est&aacute; discutindo o Plano de Fiscaliza&ccedil;&atilde;o juntamente com a Anatel, tendo como base o conceito de radiodifus&atilde;o comunit&aacute;ria.<\/p>\n<p>No final da reuni&atilde;o, o Secret&aacute;rio de Servi&ccedil;os de Comunica&ccedil;&atilde;o Eletr&ocirc;nica, Genildo Lins, apresentou um documento contendo os avan&ccedil;os administrativos, com base nas demandas da Abra&ccedil;o. Este documento ser&aacute; submetido &agrave; Dire&ccedil;&atilde;o Nacional Colegiada da Abra&ccedil;o, para que na pr&oacute;xima semana possa ser apresentado na &iacute;ntegra com os coment&aacute;rios pertinentes da entidade.<\/p>\n","protected":false},"excerpt":{"rendered":"<p>A Comiss&atilde;o de Negocia&ccedil;&atilde;o da Abra&ccedil;o se reuniu nesta sexta-feira (25) com o Secret&aacute;rio Executivo do Minist&eacute;rio das Comunica&ccedil;&otilde;es Cezar Alvarez. No encontro, a comiss&atilde;o voltou a ressaltar as quest&otilde;es de abrang&ecirc;ncia, apoio cultural e a mudan&ccedil;a na portaria 462. Foi destacada tamb&eacute;m a import&acirc;ncia da fiscaliza&ccedil;&atilde;o educativa, que teria o objetivo de advertir as &hellip; <a href=\"https:\/\/obscom.intervozes.org.br\/?p=26392\" class=\"more-link\">Continue lendo <span class=\"screen-reader-text\">Comiss\u00e3o de Negocia\u00e7\u00e3o da Abra\u00e7o vai ao Minicom em busca de mais avan\u00e7os<\/span> <span class=\"meta-nav\">&rarr;<\/span><\/a><\/p>\n","protected":false},"author":1,"featured_media":0,"comment_status":"open","ping_status":"open","sticky":false,"template":"","format":"standard","meta":{"footnotes":""},"categories":[40],"tags":[1611],"_links":{"self":[{"href":"https:\/\/obscom.intervozes.org.br\/index.php?rest_route=\/wp\/v2\/posts\/26392"}],"collection":[{"href":"https:\/\/obscom.intervozes.org.br\/index.php?rest_route=\/wp\/v2\/posts"}],"about":[{"href":"https:\/\/obscom.intervozes.org.br\/index.php?rest_route=\/wp\/v2\/types\/post"}],"author":[{"embeddable":true,"href":"https:\/\/obscom.intervozes.org.br\/index.php?rest_route=\/wp\/v2\/users\/1"}],"replies":[{"embeddable":true,"href":"https:\/\/obscom.intervozes.org.br\/index.php?rest_route=%2Fwp%2Fv2%2Fcomments&post=26392"}],"version-history":[{"count":0,"href":"https:\/\/obscom.intervozes.org.br\/index.php?rest_route=\/wp\/v2\/posts\/26392\/revisions"}],"wp:attachment":[{"href":"https:\/\/obscom.intervozes.org.br\/index.php?rest_route=%2Fwp%2Fv2%2Fmedia&parent=26392"}],"wp:term":[{"taxonomy":"category","embeddable":true,"href":"https:\/\/obscom.intervozes.org.br\/index.php?rest_route=%2Fwp%2Fv2%2Fcategories&post=26392"},{"taxonomy":"post_tag","embeddable":true,"href":"https:\/\/obscom.intervozes.org.br\/index.php?rest_route=%2Fwp%2Fv2%2Ftags&post=26392"}],"curies":[{"name":"wp","href":"https:\/\/api.w.org\/{rel}","templated":true}]}}