{"id":26384,"date":"2011-11-24T16:43:36","date_gmt":"2011-11-24T16:43:36","guid":{"rendered":"https:\/\/obscom.intervozes.org.br\/wordpress\/?p=26384"},"modified":"2011-11-24T16:43:36","modified_gmt":"2011-11-24T16:43:36","slug":"democracia-e-comunicacao-publica","status":"publish","type":"post","link":"https:\/\/obscom.intervozes.org.br\/?p=26384","title":{"rendered":"Democracia e comunica\u00e7\u00e3o p\u00fablica"},"content":{"rendered":"<p><span class=\"padrao\">Uma condi&ccedil;&atilde;o para que todos os ve&iacute;culos da Empresa Brasil de Comunica&ccedil;&atilde;o sejam de fato considerados p&uacute;blicos &eacute; a atua&ccedil;&atilde;o do conselho curador<\/p>\n<p>O sistema p&uacute;blico de comunica&ccedil;&atilde;o deu seus primeiros passos em 2007, com a cria&ccedil;&atilde;o da Empresa Brasil de Comunica&ccedil;&atilde;o (EBC), mantenedora da TV Brasil, da Ag&ecirc;ncia Brasil e de oito emissoras de r&aacute;dio.<\/p>\n<p>Foi atribu&iacute;da a ela a complexa tarefa de suprir uma lacuna democr&aacute;tica e tornar a comunica&ccedil;&atilde;o p&uacute;blica brasileira realmente complementar aos sistemas comercial e estatal, contribuindo para o exerc&iacute;cio da liberdade de express&atilde;o e dos direitos &agrave; comunica&ccedil;&atilde;o e &agrave; cultura.<\/p>\n<p>&Agrave; semelhan&ccedil;a das empresas de comunica&ccedil;&atilde;o p&uacute;blica relevantes no mundo, a lei que criou a EBC determinou a um amplo conselho, com maioria da sociedade, mas composto tamb&eacute;m por membros do governo federal, do Congresso e dos trabalhadores da empresa, a tarefa de zelar pelo cumprimento de sua miss&atilde;o, impedindo seu uso pol&iacute;tico e garantindo a express&atilde;o da diversidade &#8211; pol&iacute;tica, cultural, &eacute;tnico-racial, regional, entre outras &#8211; existente no pa&iacute;s.<\/p>\n<p>O conselho curador da EBC nasceu, assim, com a pr&oacute;pria institui&ccedil;&atilde;o, constituindo-se no principal instrumento de observa&ccedil;&atilde;o dos princ&iacute;pios da comunica&ccedil;&atilde;o p&uacute;blica. Seus conselheiros possuem mandato fixo e n&atilde;o podem ser indicados por partidos pol&iacute;ticos.<\/p>\n<p>Sua atua&ccedil;&atilde;o &eacute; condi&ccedil;&atilde;o para que os ve&iacute;culos da EBC sejam considerados efetivamente p&uacute;blicos.<br \/>Nestes quatro anos, o conselho buscou construir seus alicerces, dando forma a um &oacute;rg&atilde;o atuante, com a realiza&ccedil;&atilde;o de reuni&otilde;es peri&oacute;dicas, consultas e audi&ecirc;ncias p&uacute;blicas, a aproxima&ccedil;&atilde;o com a ouvidoria, a cria&ccedil;&atilde;o de instrumentos para dar transpar&ecirc;ncia &agrave;s discuss&otilde;es em curso e o apoio a estudos de especialistas independentes.<\/p>\n<p>Internamente, h&aacute; ampla diversidade pol&iacute;tica, regional e de compet&ecirc;ncias profissionais, mas tamb&eacute;m forte sintonia com os princ&iacute;pios da comunica&ccedil;&atilde;o p&uacute;blica.<\/p>\n<p>Dentre outros temas, foram objeto de aten&ccedil;&atilde;o do &oacute;rg&atilde;o a programa&ccedil;&atilde;o infantil, os programas jornal&iacute;sticos e esportivos, a qualidade do sinal de nossas emissoras, a acessibilidade para pessoas com defici&ecirc;ncia, a programa&ccedil;&atilde;o das r&aacute;dios e os conte&uacute;dos de car&aacute;ter religioso.<\/p>\n<p>Esse &uacute;ltimo tema foi objeto de longa discuss&atilde;o. Ap&oacute;s amplo debate, optou-se por determinar a produ&ccedil;&atilde;o de uma faixa de programa&ccedil;&atilde;o que expressasse a diversidade religiosa brasileira.<br \/>Reconhecemos, simultaneamente, a profunda religiosidade de nosso povo e a necessidade de igualdade de tratamento &agrave;s mais diferentes f&eacute;s. Enfrentou-se, com cuidado e transpar&ecirc;ncia, um tema de not&oacute;ria delicadeza, sem fugir &agrave; responsabilidade de reavaliar pr&aacute;ticas do passado. Segue em discuss&atilde;o o exato desenho dessa faixa de programa&ccedil;&atilde;o, cujo resultado ser&aacute; um marco para a comunica&ccedil;&atilde;o p&uacute;blica.<\/p>\n<p>Nos primeiros anos de vida da EBC, a contribui&ccedil;&atilde;o fundamental do conselho curador foi marcar a autonomia editorial como condi&ccedil;&atilde;o essencial da institui&ccedil;&atilde;o. Se certas decis&otilde;es ensejaram rea&ccedil;&otilde;es, essas s&atilde;o tamb&eacute;m indicativos da exist&ecirc;ncia de um &oacute;rg&atilde;o interno atuante e no qual a sociedade pode confiar.<\/p>\n<p>Como parte de uma institui&ccedil;&atilde;o em constru&ccedil;&atilde;o, os instrumentos de fiscaliza&ccedil;&atilde;o e participa&ccedil;&atilde;o social na EBC devem ser sempre aprimorados. Estamos, afinal, dando somente os primeiros passos. A reflex&atilde;o a respeito da atua&ccedil;&atilde;o do pr&oacute;prio conselho curador &eacute; bem-vinda ao seu melhor desenvolvimento.<\/p>\n<p>As sementes plantadas nesse per&iacute;odo pelos gestores e pelos trabalhadores da EBC permitem ambicionar novas conquistas.<\/p>\n<p>Nesta segunda etapa de constru&ccedil;&atilde;o do sistema p&uacute;blico, seguiremos alinhados aos anseios da sociedade por uma institui&ccedil;&atilde;o forte e respeitada, que contribua de forma efetiva para a garantia dos direitos e liberdades ligadas ao campo da comunica&ccedil;&atilde;o e da cultura.<\/p>\n<p><em>Ima C&eacute;lia Guimar&atilde;es Vieira, pesquisadora do Museu Paraense Em&iacute;lio Goeldi, &eacute; presidente do conselho curador da Empresa Brasil de Comunica&ccedil;&atilde;o (EBC).<br \/>Ana Luiza Fleck Saibro, consultora do Senado, &eacute; vice-presidente do conselho curador da EBC.<\/em><\/span><\/p>\n","protected":false},"excerpt":{"rendered":"<p>Uma condi&ccedil;&atilde;o para que todos os ve&iacute;culos da Empresa Brasil de Comunica&ccedil;&atilde;o  sejam de fato considerados p&uacute;blicos &eacute; a atua&ccedil;&atilde;o do conselho curador.<\/p>\n","protected":false},"author":1,"featured_media":0,"comment_status":"open","ping_status":"open","sticky":false,"template":"","format":"standard","meta":{"footnotes":""},"categories":[42],"tags":[1608],"_links":{"self":[{"href":"https:\/\/obscom.intervozes.org.br\/index.php?rest_route=\/wp\/v2\/posts\/26384"}],"collection":[{"href":"https:\/\/obscom.intervozes.org.br\/index.php?rest_route=\/wp\/v2\/posts"}],"about":[{"href":"https:\/\/obscom.intervozes.org.br\/index.php?rest_route=\/wp\/v2\/types\/post"}],"author":[{"embeddable":true,"href":"https:\/\/obscom.intervozes.org.br\/index.php?rest_route=\/wp\/v2\/users\/1"}],"replies":[{"embeddable":true,"href":"https:\/\/obscom.intervozes.org.br\/index.php?rest_route=%2Fwp%2Fv2%2Fcomments&post=26384"}],"version-history":[{"count":0,"href":"https:\/\/obscom.intervozes.org.br\/index.php?rest_route=\/wp\/v2\/posts\/26384\/revisions"}],"wp:attachment":[{"href":"https:\/\/obscom.intervozes.org.br\/index.php?rest_route=%2Fwp%2Fv2%2Fmedia&parent=26384"}],"wp:term":[{"taxonomy":"category","embeddable":true,"href":"https:\/\/obscom.intervozes.org.br\/index.php?rest_route=%2Fwp%2Fv2%2Fcategories&post=26384"},{"taxonomy":"post_tag","embeddable":true,"href":"https:\/\/obscom.intervozes.org.br\/index.php?rest_route=%2Fwp%2Fv2%2Ftags&post=26384"}],"curies":[{"name":"wp","href":"https:\/\/api.w.org\/{rel}","templated":true}]}}