{"id":26382,"date":"2011-11-24T16:27:14","date_gmt":"2011-11-24T16:27:14","guid":{"rendered":"https:\/\/obscom.intervozes.org.br\/wordpress\/?p=26382"},"modified":"2011-11-24T16:27:14","modified_gmt":"2011-11-24T16:27:14","slug":"comissao-europeia-mantem-decisao-de-nao-universalizar-a-banda-larga","status":"publish","type":"post","link":"https:\/\/obscom.intervozes.org.br\/?p=26382","title":{"rendered":"Comiss\u00e3o Europeia mant\u00e9m decis\u00e3o de n\u00e3o universalizar a banda larga"},"content":{"rendered":"<p>A Comiss&atilde;o Europeia anunciou que a banda larga n&atilde;o deve ser enquadrada como servi&ccedil;o universal, mantendo inalterada a diretiva dos servi&ccedil;os universais de 2002. Ap&oacute;s a consulta p&uacute;blica sobre o tema, a CE constatou que, devido aos diferentes est&aacute;gios de conectividade dos pa&iacute;ses membros, n&atilde;o seria poss&iacute;vel estabelecer uma velocidade m&iacute;nima de banda larga pass&iacute;vel de ser equadrada como servi&ccedil;o universal. Descartou tamb&eacute;m a possibilidade de incluir a banda larga m&oacute;vel como um servi&ccedil;o pass&iacute;vel de universaliza&ccedil;&atilde;o.<\/p>\n<p>Para a Comiss&atilde;o, se fosse definida uma velocidade m&iacute;nima para a conex&atilde;o banda larga, esta decis&atilde;o iria impactar os pre&ccedil;os dos pa&iacute;ses com redes menos desenvolvidas, prejudicando os usu&aacute;rios finais. Mas a decis&atilde;o n&atilde;o impede que as legisla&ccedil;&otilde;es locais definam metas pr&oacute;prias, como j&aacute; ocorre na Finl&acirc;ndia, Malta e Espanha, cuja velocidade m&iacute;nima da banda larga a ser oferecida &agrave; popula&ccedil;&atilde;o est&aacute; prevista em lei.<\/p>\n<p>Neelie Kroes, a comiss&aacute;ria da Agenda Digital da CE, afirmou que a decis&atilde;o &ldquo;assegura que as regras do servi&ccedil;o universal trazem os benef&iacute;cios da economia digital para a popula&ccedil;&atilde;o europeia, ao mesmo tempo em que evita a imposi&ccedil;&atilde;o inapropriada a alguns setores, ou evita a distor&ccedil;&atilde;o de mercado&rdquo;<\/p>\n","protected":false},"excerpt":{"rendered":"<p>A Comiss&atilde;o Europeia anunciou que a banda larga n&atilde;o deve ser enquadrada como servi&ccedil;o universal, mantendo inalterada a diretiva dos servi&ccedil;os universais de 2002. Ap&oacute;s a consulta p&uacute;blica sobre o tema, a CE constatou que, devido aos diferentes est&aacute;gios de conectividade dos pa&iacute;ses membros, n&atilde;o seria poss&iacute;vel estabelecer uma velocidade m&iacute;nima de banda larga pass&iacute;vel &hellip; <a href=\"https:\/\/obscom.intervozes.org.br\/?p=26382\" class=\"more-link\">Continue lendo <span class=\"screen-reader-text\">Comiss\u00e3o Europeia mant\u00e9m decis\u00e3o de n\u00e3o universalizar a banda larga<\/span> <span class=\"meta-nav\">&rarr;<\/span><\/a><\/p>\n","protected":false},"author":1,"featured_media":0,"comment_status":"open","ping_status":"open","sticky":false,"template":"","format":"standard","meta":{"footnotes":""},"categories":[40],"tags":[150],"_links":{"self":[{"href":"https:\/\/obscom.intervozes.org.br\/index.php?rest_route=\/wp\/v2\/posts\/26382"}],"collection":[{"href":"https:\/\/obscom.intervozes.org.br\/index.php?rest_route=\/wp\/v2\/posts"}],"about":[{"href":"https:\/\/obscom.intervozes.org.br\/index.php?rest_route=\/wp\/v2\/types\/post"}],"author":[{"embeddable":true,"href":"https:\/\/obscom.intervozes.org.br\/index.php?rest_route=\/wp\/v2\/users\/1"}],"replies":[{"embeddable":true,"href":"https:\/\/obscom.intervozes.org.br\/index.php?rest_route=%2Fwp%2Fv2%2Fcomments&post=26382"}],"version-history":[{"count":0,"href":"https:\/\/obscom.intervozes.org.br\/index.php?rest_route=\/wp\/v2\/posts\/26382\/revisions"}],"wp:attachment":[{"href":"https:\/\/obscom.intervozes.org.br\/index.php?rest_route=%2Fwp%2Fv2%2Fmedia&parent=26382"}],"wp:term":[{"taxonomy":"category","embeddable":true,"href":"https:\/\/obscom.intervozes.org.br\/index.php?rest_route=%2Fwp%2Fv2%2Fcategories&post=26382"},{"taxonomy":"post_tag","embeddable":true,"href":"https:\/\/obscom.intervozes.org.br\/index.php?rest_route=%2Fwp%2Fv2%2Ftags&post=26382"}],"curies":[{"name":"wp","href":"https:\/\/api.w.org\/{rel}","templated":true}]}}