{"id":26381,"date":"2011-11-24T16:22:52","date_gmt":"2011-11-24T16:22:52","guid":{"rendered":"https:\/\/obscom.intervozes.org.br\/wordpress\/?p=26381"},"modified":"2011-11-24T16:22:52","modified_gmt":"2011-11-24T16:22:52","slug":"mpf-pede-anulacao-de-concessoes-a-tvs-catolicas","status":"publish","type":"post","link":"https:\/\/obscom.intervozes.org.br\/?p=26381","title":{"rendered":"MPF pede anula\u00e7\u00e3o de concess\u00f5es a TVs cat\u00f3licas"},"content":{"rendered":"<p><span class=\"padrao\">O Minist&eacute;rio P&uacute;blico Federal (MPF) pediu &agrave; Justi&ccedil;a a anula&ccedil;&atilde;o das concess&otilde;es da TV Can&ccedil;&atilde;o Nova e da TV Aparecida, ambas da Igreja Cat&oacute;lica. Segundo o procurador da Rep&uacute;blica Adjame Alexandre Gon&ccedil;alves Oliveira, a outorga a essas duas emissoras &eacute; inconstitucional por n&atilde;o ter sido feita licita&ccedil;&atilde;o.<\/p>\n<p>Oliveira ingressou com duas a&ccedil;&otilde;es na Justi&ccedil;a Federal pedindo a anula&ccedil;&atilde;o das outorgas e colocando com r&eacute;s a Uni&atilde;o e as funda&ccedil;&otilde;es que controlam as emissoras. Os processos levam em conta o artigo 175 da Constitui&ccedil;&atilde;o Federal, que afirma que &ldquo;incumbe ao Poder P&uacute;blico, na forma da lei, diretamente ou sob regime de concess&atilde;o ou permiss&atilde;o, sempre atrav&eacute;s de licita&ccedil;&atilde;o, a presta&ccedil;&atilde;o de servi&ccedil;os p&uacute;blicos&rdquo;. As emissoras apontam, no entanto, que, por se tratar de TV educativa, estariam isentas de concorr&ecirc;ncia p&uacute;blica.<\/p>\n<p>&mdash; O bem que est&aacute; sendo entregue &eacute; um bem p&uacute;blico e tinha de ser feita a licita&ccedil;&atilde;o. Esse processo de concess&otilde;es de TV educativa tem de ser submetido ao controle da sociedade_ diz o procurador, que vai al&eacute;m: &mdash; A TV educativa precisa ser repensada porque acaba sendo usada como instrumento pol&iacute;tico.<\/p>\n<p>Segundo Oliveira, a Uni&atilde;o se baseia em um decreto anterior &agrave; Constitui&ccedil;&atilde;o para distribuir concess&otilde;es de TV educativa sem licita&ccedil;&atilde;o. Para ele, o decreto n&atilde;o pode ter maior validade que a Constitui&ccedil;&atilde;o.<\/p>\n<p>&mdash; Desse modo, o ato de outorga &eacute; inconstitucional &mdash; diz o procurador, que v&ecirc; um processo de longos anos para que seja decidido sobre o caso.<\/p>\n<p>Oliveira negou que tenha tomado uma atitude visando apenas emissoras de car&aacute;ter religioso, como &eacute; o caso da Can&ccedil;&atilde;o Nova, controlada pela Funda&ccedil;&atilde;o Jo&atilde;o Paulo II, e da TV Aparecida, ligada &agrave; Funda&ccedil;&atilde;o Nossa Senhora de Aparecida. Segundo ele, essas s&atilde;o as duas TVs educativas de sua &aacute;rea de atua&ccedil;&atilde;o, em Guaratinguet&aacute;, no Vale do Para&iacute;ba.<\/p>\n<p>Nesta quarta-feira &agrave; tarde, a Superintend&ecirc;ncia de Assuntos Jur&iacute;dicos da Funda&ccedil;&atilde;o Jo&atilde;o Paulo II, mantenedora da Can&ccedil;&atilde;o Nova, divulgou nota afirmando ter sido surpreendida pela medida do MPF. &ldquo;N&atilde;o fomos citados para a defesa e n&atilde;o conhecemos o inteiro teor das acusa&ccedil;&otilde;es que pesam contra a TV Can&ccedil;&atilde;o Nova e sua geradora&rdquo;, diz o texto, que defende que o processo da outorga, concedida em 1998, &ldquo;foi absolutamente legal e transparente&rdquo;.<\/p>\n<p>A Can&ccedil;&atilde;o Nova afirmou ainda que j&aacute; respondeu a processo semelhante em Goi&aacute;s e acabou vitoriosa em segunda inst&acirc;ncia. Esse processo, diz a entidade, est&aacute; aguardando julgamento de recursos. O GLOBO entrou em contato com a TV Aparecida, mas a diretoria n&atilde;o respondeu ao pedido de entrevista.<\/p>\n<p>A assessoria de imprensa do Minist&eacute;rio das Comunica&ccedil;&otilde;es que, at&eacute; julho deste ano, a outorga do servi&ccedil;o de radio e TV edcucativa era concedida sem licita&ccedil;&atilde;o p&uacute;blica, com base nos decretos 52.795, de 1963, e 2.108, de 1996. A regra mudou este ano, quando foram divulgadas duas portarias (256 e 420) alterando o modelo de concess&atilde;o, que agora &eacute; feito por meio de avisos de habilita&ccedil;&atilde;o. &ldquo;Foram definidos tamb&eacute;m crit&eacute;rios que d&atilde;o prefer&ecirc;ncia &agrave;s universidades federais, os estados, as universidades estaduais, os munic&iacute;pios e as universidades municipais&rdquo;, diz o texto do Minist&eacute;rio.<br \/><\/span><\/p>\n","protected":false},"excerpt":{"rendered":"<p>Minist&eacute;rio P&uacute;blico Federal diz que concess&otilde;es das TVs <span class=\"padrao\">Can&ccedil;&atilde;o Nova e Aparecida<\/span> foram inconstitucionais por falta de licita&ccedil;&atilde;o p&uacute;blica<\/p>\n","protected":false},"author":1,"featured_media":0,"comment_status":"open","ping_status":"open","sticky":false,"template":"","format":"standard","meta":{"footnotes":""},"categories":[40],"tags":[504],"_links":{"self":[{"href":"https:\/\/obscom.intervozes.org.br\/index.php?rest_route=\/wp\/v2\/posts\/26381"}],"collection":[{"href":"https:\/\/obscom.intervozes.org.br\/index.php?rest_route=\/wp\/v2\/posts"}],"about":[{"href":"https:\/\/obscom.intervozes.org.br\/index.php?rest_route=\/wp\/v2\/types\/post"}],"author":[{"embeddable":true,"href":"https:\/\/obscom.intervozes.org.br\/index.php?rest_route=\/wp\/v2\/users\/1"}],"replies":[{"embeddable":true,"href":"https:\/\/obscom.intervozes.org.br\/index.php?rest_route=%2Fwp%2Fv2%2Fcomments&post=26381"}],"version-history":[{"count":0,"href":"https:\/\/obscom.intervozes.org.br\/index.php?rest_route=\/wp\/v2\/posts\/26381\/revisions"}],"wp:attachment":[{"href":"https:\/\/obscom.intervozes.org.br\/index.php?rest_route=%2Fwp%2Fv2%2Fmedia&parent=26381"}],"wp:term":[{"taxonomy":"category","embeddable":true,"href":"https:\/\/obscom.intervozes.org.br\/index.php?rest_route=%2Fwp%2Fv2%2Fcategories&post=26381"},{"taxonomy":"post_tag","embeddable":true,"href":"https:\/\/obscom.intervozes.org.br\/index.php?rest_route=%2Fwp%2Fv2%2Ftags&post=26381"}],"curies":[{"name":"wp","href":"https:\/\/api.w.org\/{rel}","templated":true}]}}