{"id":26380,"date":"2011-11-24T16:17:26","date_gmt":"2011-11-24T16:17:26","guid":{"rendered":"https:\/\/obscom.intervozes.org.br\/wordpress\/?p=26380"},"modified":"2011-11-24T16:17:26","modified_gmt":"2011-11-24T16:17:26","slug":"nova-condecine-da-tom-ao-forum-de-producao","status":"publish","type":"post","link":"https:\/\/obscom.intervozes.org.br\/?p=26380","title":{"rendered":"Nova Condecine d\u00e1 tom ao F\u00f3rum de Produ\u00e7\u00e3o"},"content":{"rendered":"<p><span class=\"padrao\">O fortalecimento da produ&ccedil;&atilde;o audiovisual brasileira no atual cen&aacute;rio de globaliza&ccedil;&atilde;o deu o tom da abertura do III F&oacute;rum de Produ&ccedil;&atilde;o Publicit&aacute;ria, que aconteceu nesta quarta-feira, 23, em S&atilde;o Paulo. A aprova&ccedil;&atilde;o da Medida Provis&oacute;ria 545, que fixa um reajuste na taxa da Contribui&ccedil;&atilde;o para o Desenvolvimento da Ind&uacute;stria Cinematogr&aacute;fica Brasileira (Condecine) sobre produ&ccedil;&otilde;es estrangeiras a partir de 2012, foi celebrada por todas as entidades signat&aacute;rias do evento como a a&ccedil;&atilde;o que trar&aacute; ao mercado brasileiro os resultados mais palp&aacute;veis no curto prazo.<\/p>\n<p>A Associa&ccedil;&atilde;o Brasileira de Anunciantes (ABA), que repudiou tanto o reajuste quanto &agrave;s declara&ccedil;&otilde;es de apoio a MP 545 das demais entidades, n&atilde;o enviou representantes ao F&oacute;rum , conforme havia anunciado no final de outubro. Na vis&atilde;o de seus dirigentes, a medida &eacute; protecionista e contradit&oacute;ria com a&ccedil;&otilde;es da Associa&ccedil;&atilde;o Brasileira das Produtoras de Audiovisual (Apro) que estimulam filmagens no Brasil.<\/p>\n<p>Luiz Lara, presidente da Associa&ccedil;&atilde;o Brasileira das Ag&ecirc;ncias de Publicidade (Abap), lamentou que a entidade n&atilde;o tenha revisto sua posi&ccedil;&atilde;o. Apesar disso, ele ressaltou que praticamente todo o teor dos debates no F&oacute;rum de Produ&ccedil;&atilde;o j&aacute; havia sido previamente discutido com dirigentes da ABA. Leyla Fernandes, presidente da Apro, afirmou que a aus&ecirc;ncia da entidade &eacute; muito mais em fun&ccedil;&atilde;o do momento.<\/p>\n<p>O contraponto &agrave; posi&ccedil;&atilde;o da ABA veio no discurso do presidente da Ag&ecirc;ncia Nacional de Cinema (Ancine), Manoel Rangel, lembrando que o reajuste da Condecine &eacute; o primeiro desde sua cria&ccedil;&atilde;o em 2002. Para Rangel, a medida dar&aacute; aos produtores brasileiros melhores condi&ccedil;&otilde;es de atuar em seu pr&oacute;prio mercado e ajuda a preservar a cultura brasileira frente &agrave; invas&atilde;o da ind&uacute;stria audiovisual.<\/p>\n<p>&ldquo;Vivemos um momento especial, em que nossa economia se desenvolve com for&ccedil;a, mesmo num cen&aacute;rio de crise internacional. Por isso, temos medidas urgentes para fazer a defesa do talento e da cultura brasileira. Precisamos lutar contra a pasteuriza&ccedil;&atilde;o do conte&uacute;do audiovisual que circula no Brasil sem fechar a porta a terceiros, mas dando condi&ccedil;&otilde;es reais e efetivas para que nossas empresas, em sinergia com ve&iacute;culos, tenham aqui sua melhor condi&ccedil;&atilde;o de atuar&rdquo;, disse Rangel, sob efusivos aplausos.<\/span><\/p>\n","protected":false},"excerpt":{"rendered":"<p>O fortalecimento da produ&ccedil;&atilde;o audiovisual brasileira no atual cen&aacute;rio de globaliza&ccedil;&atilde;o deu o tom da abertura do III F&oacute;rum de Produ&ccedil;&atilde;o Publicit&aacute;ria, que aconteceu nesta quarta-feira, 23, em S&atilde;o Paulo. A aprova&ccedil;&atilde;o da Medida Provis&oacute;ria 545, que fixa um reajuste na taxa da Contribui&ccedil;&atilde;o para o Desenvolvimento da Ind&uacute;stria Cinematogr&aacute;fica Brasileira (Condecine) sobre produ&ccedil;&otilde;es estrangeiras &hellip; <a href=\"https:\/\/obscom.intervozes.org.br\/?p=26380\" class=\"more-link\">Continue lendo <span class=\"screen-reader-text\">Nova Condecine d\u00e1 tom ao F\u00f3rum de Produ\u00e7\u00e3o<\/span> <span class=\"meta-nav\">&rarr;<\/span><\/a><\/p>\n","protected":false},"author":1,"featured_media":0,"comment_status":"open","ping_status":"open","sticky":false,"template":"","format":"standard","meta":{"footnotes":""},"categories":[40],"tags":[390],"_links":{"self":[{"href":"https:\/\/obscom.intervozes.org.br\/index.php?rest_route=\/wp\/v2\/posts\/26380"}],"collection":[{"href":"https:\/\/obscom.intervozes.org.br\/index.php?rest_route=\/wp\/v2\/posts"}],"about":[{"href":"https:\/\/obscom.intervozes.org.br\/index.php?rest_route=\/wp\/v2\/types\/post"}],"author":[{"embeddable":true,"href":"https:\/\/obscom.intervozes.org.br\/index.php?rest_route=\/wp\/v2\/users\/1"}],"replies":[{"embeddable":true,"href":"https:\/\/obscom.intervozes.org.br\/index.php?rest_route=%2Fwp%2Fv2%2Fcomments&post=26380"}],"version-history":[{"count":0,"href":"https:\/\/obscom.intervozes.org.br\/index.php?rest_route=\/wp\/v2\/posts\/26380\/revisions"}],"wp:attachment":[{"href":"https:\/\/obscom.intervozes.org.br\/index.php?rest_route=%2Fwp%2Fv2%2Fmedia&parent=26380"}],"wp:term":[{"taxonomy":"category","embeddable":true,"href":"https:\/\/obscom.intervozes.org.br\/index.php?rest_route=%2Fwp%2Fv2%2Fcategories&post=26380"},{"taxonomy":"post_tag","embeddable":true,"href":"https:\/\/obscom.intervozes.org.br\/index.php?rest_route=%2Fwp%2Fv2%2Ftags&post=26380"}],"curies":[{"name":"wp","href":"https:\/\/api.w.org\/{rel}","templated":true}]}}