{"id":26360,"date":"2011-11-18T18:52:27","date_gmt":"2011-11-18T18:52:27","guid":{"rendered":"https:\/\/obscom.intervozes.org.br\/wordpress\/?p=26360"},"modified":"2011-11-18T18:52:27","modified_gmt":"2011-11-18T18:52:27","slug":"entidades-se-mobilizam-pela-comunicacao-publica-em-sergipe","status":"publish","type":"post","link":"https:\/\/obscom.intervozes.org.br\/?p=26360","title":{"rendered":"Entidades se mobilizam pela comunica\u00e7\u00e3o p\u00fablica em Sergipe"},"content":{"rendered":"<p><strong>Reda&ccedil;&atilde;o &#8211; Observat&oacute;rio do Direito &agrave; Comunica&ccedil;&atilde;o<\/strong><\/p>\n<p>Um abaixo-assinado foi articulado por v&aacute;rias entidades que denunciam o sucateamento e o abandono da Funda&ccedil;&atilde;o Aperip&ecirc; &ndash; respons&aacute;vel pelas emissoras p&uacute;blicas de Sergipe. O movimento reivindica o car&aacute;ter p&uacute;blico da institui&ccedil;&atilde;o gerida pelo governo estadual.<\/p>\n<p>As entidades afirmam que a atual gest&atilde;o tem uma postura equivocada em rela&ccedil;&atilde;o &agrave;s quest&otilde;es trabalhistas, t&eacute;cnicas e no di&aacute;logo com a sociedade. Al&eacute;m de uma pol&iacute;tica de corte de gastos que est&atilde;o reduzindo de sal&aacute;rios e a rescis&atilde;o de contratos com produtores independentes.<\/p>\n<p>No m&ecirc;s de julho, o F&oacute;rum Sergipano pelo Direito &agrave; Comunica&ccedil;&atilde;o apresentou a dire&ccedil;&atilde;o da Aperip&ecirc; um projeto de reestrutura&ccedil;&atilde;o a partir de quatro eixos: gest&atilde;o, financiamento, conte&uacute;do e direitos trabalhistas. O F&oacute;rum tamb&eacute;m solicitou a cria&ccedil;&atilde;o de um grupo de trabalho com a participa&ccedil;&atilde;o da sociedade civil e do Governo para discutir de forma permanente a comunica&ccedil;&atilde;o p&uacute;blica no estado. As entidades reclamam que desde ent&atilde;o n&atilde;o tiveram retorno do &oacute;rg&atilde;o.<\/p>\n<p>O movimento reivindica a mudan&ccedil;a na superintend&ecirc;ncia da Funda&ccedil;&atilde;o e como alternativa solicita ao Governador Marcelo D&eacute;da a abertura de uma consulta p&uacute;blica para a indica&ccedil;&atilde;o da nova dire&ccedil;&atilde;o. Confira o abaixo-assinado <a href=\"http:\/\/www.intervozes.org.br\/noticias\/entidades-se-mobilizam-em-defesa-da-comunicacao-publica-em-sergipe\">aqui<\/a> . <\/p>\n","protected":false},"excerpt":{"rendered":"<p>Reda&ccedil;&atilde;o &#8211; Observat&oacute;rio do Direito &agrave; Comunica&ccedil;&atilde;o Um abaixo-assinado foi articulado por v&aacute;rias entidades que denunciam o sucateamento e o abandono da Funda&ccedil;&atilde;o Aperip&ecirc; &ndash; respons&aacute;vel pelas emissoras p&uacute;blicas de Sergipe. O movimento reivindica o car&aacute;ter p&uacute;blico da institui&ccedil;&atilde;o gerida pelo governo estadual. As entidades afirmam que a atual gest&atilde;o tem uma postura equivocada em &hellip; <a href=\"https:\/\/obscom.intervozes.org.br\/?p=26360\" class=\"more-link\">Continue lendo <span class=\"screen-reader-text\">Entidades se mobilizam pela comunica\u00e7\u00e3o p\u00fablica em Sergipe<\/span> <span class=\"meta-nav\">&rarr;<\/span><\/a><\/p>\n","protected":false},"author":1,"featured_media":0,"comment_status":"open","ping_status":"open","sticky":false,"template":"","format":"standard","meta":{"footnotes":""},"categories":[39],"tags":[],"_links":{"self":[{"href":"https:\/\/obscom.intervozes.org.br\/index.php?rest_route=\/wp\/v2\/posts\/26360"}],"collection":[{"href":"https:\/\/obscom.intervozes.org.br\/index.php?rest_route=\/wp\/v2\/posts"}],"about":[{"href":"https:\/\/obscom.intervozes.org.br\/index.php?rest_route=\/wp\/v2\/types\/post"}],"author":[{"embeddable":true,"href":"https:\/\/obscom.intervozes.org.br\/index.php?rest_route=\/wp\/v2\/users\/1"}],"replies":[{"embeddable":true,"href":"https:\/\/obscom.intervozes.org.br\/index.php?rest_route=%2Fwp%2Fv2%2Fcomments&post=26360"}],"version-history":[{"count":0,"href":"https:\/\/obscom.intervozes.org.br\/index.php?rest_route=\/wp\/v2\/posts\/26360\/revisions"}],"wp:attachment":[{"href":"https:\/\/obscom.intervozes.org.br\/index.php?rest_route=%2Fwp%2Fv2%2Fmedia&parent=26360"}],"wp:term":[{"taxonomy":"category","embeddable":true,"href":"https:\/\/obscom.intervozes.org.br\/index.php?rest_route=%2Fwp%2Fv2%2Fcategories&post=26360"},{"taxonomy":"post_tag","embeddable":true,"href":"https:\/\/obscom.intervozes.org.br\/index.php?rest_route=%2Fwp%2Fv2%2Ftags&post=26360"}],"curies":[{"name":"wp","href":"https:\/\/api.w.org\/{rel}","templated":true}]}}