{"id":26355,"date":"2011-11-18T17:25:16","date_gmt":"2011-11-18T17:25:16","guid":{"rendered":"https:\/\/obscom.intervozes.org.br\/wordpress\/?p=26355"},"modified":"2011-11-18T17:25:16","modified_gmt":"2011-11-18T17:25:16","slug":"ancine-estima-em-r-400-milhoes-os-recursos-adicionais-para-producao-audiovisual","status":"publish","type":"post","link":"https:\/\/obscom.intervozes.org.br\/?p=26355","title":{"rendered":"Ancine estima em R$ 400 milh\u00f5es os recursos adicionais para produ\u00e7\u00e3o audiovisual"},"content":{"rendered":"<p class=\"padrao\">A Ancine estima em R$ 400 milh&otilde;es o volume de dinheiro adicional que deve ser gerado para o setor de produ&ccedil;&atilde;o audiovisual por conta dos mecanismos previstos na Lei 12.485\/2011, que criou novas regras para o mercado de TV paga. Esse &eacute; o montante de recursos decorrentes da arrecada&ccedil;&atilde;o da Condecine a ser paga pelas empresas de telecomunica&ccedil;&otilde;es que, potencialmente, possam prestar o servi&ccedil;o de acesso condicionado, como prev&ecirc; a lei.<\/p>\n<p>Em evento realizado pela Converge Comunica&ccedil;&otilde;es, em parceria com o MIS &#8211; Museu da Imagem e do Som, para discutir os impactos da nova legisla&ccedil;&atilde;o sobre a produ&ccedil;&atilde;o audiovisual, Manoel Rangel, presidente da Ancine, lembrou que o fato gerador dessa contribui&ccedil;&atilde;o come&ccedil;a em janeiro de 2012 e que o recolhimento come&ccedil;a efetivamente em mar&ccedil;o. Para isso, a ag&ecirc;ncia prepara uma regulamenta&ccedil;&atilde;o espec&iacute;fica sobre o tema.<\/p>\n<p>Segundo Rangel, essa nova contribui&ccedil;&atilde;o representar&aacute; um desafio novo para a Ancine e para as empresas. &quot;Apesar de j&aacute; haver uma rotina para o pagamento da TFF conhecida pela Anatel, o que temos agora um recolhimento novo&quot;, explica o presidente da Ancine. A Contribui&ccedil;&atilde;o, ressalte-se, foi estabelecida pela Lei 12. 485 e veio na propor&ccedil;&atilde;o exata da redu&ccedil;&atilde;o da cobran&ccedil;a do Fistel por parte das operadoras. Segundo Manoel Rangel, esse montante de R$ 400 milh&otilde;es praticamente quadruplica o que se tem dispon&iacute;vel hoje no Fundo Setorial do Audiovisual para fomento, e representa 150% a mais em rela&ccedil;&atilde;o a todos os recursos incentivados dispon&iacute;veis hoje no Brasil.<br \/><strong><br \/>Crit&eacute;rios<\/strong><\/p>\n<p>Segundo Manoel Rangel, caber&aacute; ao Comit&ecirc; Gestor do Fundo Setorial Audiovisual estabelecer os crit&eacute;rios para aplica&ccedil;&atilde;o desses recursos, mas s&atilde;o esperadas diretrizes que fomentem especificamente a produ&ccedil;&atilde;o para TV por assinatura. Parte desses recursos ser&atilde;o utilizados tamb&eacute;m para fomento da atividade cinematogr&aacute;fica, diz Rangel, mas ser&atilde;o tomados cuidados para garantir que essa produ&ccedil;&atilde;o cinematogr&aacute;fica seja aproveitada tamb&eacute;m no setor de televis&atilde;o. O presidente da Ancine adiantou que o fomento para a TV deve ser mais abrangente, podendo haver cr&eacute;dito para o desenvolvimento de formatos, por exemplo. Completou ainda que o fundo buscar&aacute; conte&uacute;do de alto valor agregado, ou &quot;conte&uacute;do de estoque, e n&atilde;o de fluxo&quot;.<\/p>\n<p>Segundo Rangel, a opera&ccedil;&atilde;o desses recursos exigir&aacute; da Ancine e do fundo uma &quot; outra mec&acirc;nica, mais &aacute;gil na sele&ccedil;&atilde;o de projetos e prazos mais curtos para a entrega de obras&quot;.<\/p>\n<p>Rangel reconhece que existe um grande desafio para a Ancine em rela&ccedil;&atilde;o &agrave; sua estrutura&ccedil;&atilde;o, e j&aacute; foram iniciados estudos sobre as necessidades da ag&ecirc;ncia. Nesse momento, alguns estudos referentes &agrave; reestrutura&ccedil;&atilde;o do Fundo Setorial Audiovisual j&aacute; foram passadas ao governo, e futuramente uma proposta de reestrutura&ccedil;&atilde;o da pr&oacute;pria ag&ecirc;ncia tamb&eacute;m ser&aacute; levada ao Executivo para permitir que a Ancine seja adequadamente aparelhada para atender &agrave;s demandas da Lei 12.485\/2011. Segundo Rangel, a &aacute;rea de fomento da ag&ecirc;ncia passou por uma reorganiza&ccedil;&atilde;o no &uacute;ltimo ano, para se preparar para as novas fun&ccedil;&otilde;es. &quot;Em linguagem popular, n&oacute;s &#39;limpamos a &aacute;rea&#39; para o novo momento do setor&quot;, disse.<\/p>\n","protected":false},"excerpt":{"rendered":"<p>A Ancine estima em R$ 400 milh&otilde;es o volume de dinheiro adicional que deve ser gerado para o setor de produ&ccedil;&atilde;o audiovisual por conta dos mecanismos previstos na Lei 12.485\/2011, que criou novas regras para o mercado de TV paga. Esse &eacute; o montante de recursos decorrentes da arrecada&ccedil;&atilde;o da Condecine a ser paga pelas &hellip; <a href=\"https:\/\/obscom.intervozes.org.br\/?p=26355\" class=\"more-link\">Continue lendo <span class=\"screen-reader-text\">Ancine estima em R$ 400 milh\u00f5es os recursos adicionais para produ\u00e7\u00e3o audiovisual<\/span> <span class=\"meta-nav\">&rarr;<\/span><\/a><\/p>\n","protected":false},"author":1,"featured_media":0,"comment_status":"open","ping_status":"open","sticky":false,"template":"","format":"standard","meta":{"footnotes":""},"categories":[40],"tags":[148],"_links":{"self":[{"href":"https:\/\/obscom.intervozes.org.br\/index.php?rest_route=\/wp\/v2\/posts\/26355"}],"collection":[{"href":"https:\/\/obscom.intervozes.org.br\/index.php?rest_route=\/wp\/v2\/posts"}],"about":[{"href":"https:\/\/obscom.intervozes.org.br\/index.php?rest_route=\/wp\/v2\/types\/post"}],"author":[{"embeddable":true,"href":"https:\/\/obscom.intervozes.org.br\/index.php?rest_route=\/wp\/v2\/users\/1"}],"replies":[{"embeddable":true,"href":"https:\/\/obscom.intervozes.org.br\/index.php?rest_route=%2Fwp%2Fv2%2Fcomments&post=26355"}],"version-history":[{"count":0,"href":"https:\/\/obscom.intervozes.org.br\/index.php?rest_route=\/wp\/v2\/posts\/26355\/revisions"}],"wp:attachment":[{"href":"https:\/\/obscom.intervozes.org.br\/index.php?rest_route=%2Fwp%2Fv2%2Fmedia&parent=26355"}],"wp:term":[{"taxonomy":"category","embeddable":true,"href":"https:\/\/obscom.intervozes.org.br\/index.php?rest_route=%2Fwp%2Fv2%2Fcategories&post=26355"},{"taxonomy":"post_tag","embeddable":true,"href":"https:\/\/obscom.intervozes.org.br\/index.php?rest_route=%2Fwp%2Fv2%2Ftags&post=26355"}],"curies":[{"name":"wp","href":"https:\/\/api.w.org\/{rel}","templated":true}]}}