{"id":26351,"date":"2011-11-18T17:11:06","date_gmt":"2011-11-18T17:11:06","guid":{"rendered":"https:\/\/obscom.intervozes.org.br\/wordpress\/?p=26351"},"modified":"2011-11-18T17:11:06","modified_gmt":"2011-11-18T17:11:06","slug":"no-equador-governo-e-empresarios-divergem-sobre-nova-lei-das-comunicacoes","status":"publish","type":"post","link":"https:\/\/obscom.intervozes.org.br\/?p=26351","title":{"rendered":"No Equador, governo e empres\u00e1rios divergem sobre nova lei das comunica\u00e7\u00f5es"},"content":{"rendered":"<p>O presidente do Equador, Rafael Correa, lidera o debate em favor da aprova&ccedil;&atilde;o da nova lei que regulamenta os meios de comunica&ccedil;&atilde;o no pa&iacute;s. Por&eacute;m, o assunto gera pol&ecirc;mica, pois empres&aacute;rios da imprensa temem que a norma leve &agrave; censura e &agrave; limita&ccedil;&atilde;o das a&ccedil;&otilde;es dos ve&iacute;culos de r&aacute;dio, televis&atilde;o, jornais, revistas e notici&aacute;rios online. O texto da nova legisla&ccedil;&atilde;o deve ser submetido &agrave; Assembleia Nacional (o Parlamento) do pa&iacute;s.<\/p>\n<p>Para Correa, a m&iacute;dia desrespeita a Constitui&ccedil;&atilde;o do Equador. Alguns ve&iacute;culos de imprensa no Equador se referem a Correa como &quot;ditador&quot;, o que incomoda o presidente que acusa a imprensa de desrespeitar os preceitos constitucionais.<\/p>\n<p>O assunto foi parar no Parlamento que convocou uma s&eacute;rie de debates sobre o papel da imprensa e sua atua&ccedil;&atilde;o, ouvindo empres&aacute;rios do setor e representantes do governo. O Executivo enviou uma proposta de texto referente &agrave; nova lei do setor.<\/p>\n<p>Correa disse que os meios de comunica&ccedil;&atilde;o devem seguir a lei, ter como foco o p&uacute;blico, e o financiamento deve ser controlado. Os empres&aacute;rios reivindicam a aprova&ccedil;&atilde;o de uma lei que garanta a liberdade de imprensa, sem restri&ccedil;&otilde;es.<\/p>\n<p>Para o representante dos meios p&uacute;blicos de comunica&ccedil;&atilde;o, Orlando Perez, &eacute; necess&aacute;rio aprovar uma nova lei para o setor porque a atual remete aos governos do per&iacute;odo autorit&aacute;rio no Equador. &quot;Queremos uma lei de imprensa democr&aacute;tica, discordamos da lei outorgada pela ditadura&rdquo;, disse ele.<\/p>\n<p>Perez disse ainda que a nova lei vai acabar com a programa&ccedil;&atilde;o sem qualidade, sexista e que faz apologia &agrave; viol&ecirc;ncia. &quot;Apoiamos a regulamenta&ccedil;&atilde;o, mas sem censura total. Acreditamos no jornalismo respons&aacute;vel &quot;, disse.<\/p>\n","protected":false},"excerpt":{"rendered":"<p>O presidente do Equador, Rafael Correa, lidera o debate em favor da aprova&ccedil;&atilde;o da nova lei que regulamenta os meios de comunica&ccedil;&atilde;o no pa&iacute;s. Por&eacute;m, o assunto gera pol&ecirc;mica, pois empres&aacute;rios da imprensa temem que a norma leve &agrave; censura e &agrave; limita&ccedil;&atilde;o das a&ccedil;&otilde;es dos ve&iacute;culos de r&aacute;dio, televis&atilde;o, jornais, revistas e notici&aacute;rios online. &hellip; <a href=\"https:\/\/obscom.intervozes.org.br\/?p=26351\" class=\"more-link\">Continue lendo <span class=\"screen-reader-text\">No Equador, governo e empres\u00e1rios divergem sobre nova lei das comunica\u00e7\u00f5es<\/span> <span class=\"meta-nav\">&rarr;<\/span><\/a><\/p>\n","protected":false},"author":1,"featured_media":0,"comment_status":"open","ping_status":"open","sticky":false,"template":"","format":"standard","meta":{"footnotes":""},"categories":[40],"tags":[366],"_links":{"self":[{"href":"https:\/\/obscom.intervozes.org.br\/index.php?rest_route=\/wp\/v2\/posts\/26351"}],"collection":[{"href":"https:\/\/obscom.intervozes.org.br\/index.php?rest_route=\/wp\/v2\/posts"}],"about":[{"href":"https:\/\/obscom.intervozes.org.br\/index.php?rest_route=\/wp\/v2\/types\/post"}],"author":[{"embeddable":true,"href":"https:\/\/obscom.intervozes.org.br\/index.php?rest_route=\/wp\/v2\/users\/1"}],"replies":[{"embeddable":true,"href":"https:\/\/obscom.intervozes.org.br\/index.php?rest_route=%2Fwp%2Fv2%2Fcomments&post=26351"}],"version-history":[{"count":0,"href":"https:\/\/obscom.intervozes.org.br\/index.php?rest_route=\/wp\/v2\/posts\/26351\/revisions"}],"wp:attachment":[{"href":"https:\/\/obscom.intervozes.org.br\/index.php?rest_route=%2Fwp%2Fv2%2Fmedia&parent=26351"}],"wp:term":[{"taxonomy":"category","embeddable":true,"href":"https:\/\/obscom.intervozes.org.br\/index.php?rest_route=%2Fwp%2Fv2%2Fcategories&post=26351"},{"taxonomy":"post_tag","embeddable":true,"href":"https:\/\/obscom.intervozes.org.br\/index.php?rest_route=%2Fwp%2Fv2%2Ftags&post=26351"}],"curies":[{"name":"wp","href":"https:\/\/api.w.org\/{rel}","templated":true}]}}