{"id":26350,"date":"2011-11-18T17:06:25","date_gmt":"2011-11-18T17:06:25","guid":{"rendered":"https:\/\/obscom.intervozes.org.br\/wordpress\/?p=26350"},"modified":"2011-11-18T17:06:25","modified_gmt":"2011-11-18T17:06:25","slug":"gargalo-na-america-latina-exige-intervencao-regulatoria","status":"publish","type":"post","link":"https:\/\/obscom.intervozes.org.br\/?p=26350","title":{"rendered":"Gargalo na Am\u00e9rica Latina exige interven\u00e7\u00e3o regulat\u00f3ria"},"content":{"rendered":"<p>Um estudo da consultoria PricewaterhouseCoopers do Brasil, divulgado nesta quarta-feira, 16\/11, sustenta que a expans&atilde;o do tr&aacute;fego de dados pela Internet ser&aacute; sensivelmente mais intenso na Am&eacute;rica Latina do que no mundo como um todo: de 2010 a 2015, a estimativa de crescimento m&eacute;dio anual global do tr&aacute;fego de dados &eacute; de 32% ao ano, mas na regi&atilde;o ela pode chegar a 48%.<\/p>\n<p>Naturalmente, esse crescimento ser&aacute; especialmente impulsionado pelo uso de aplicativos com v&iacute;deo &ndash; o aumento previsto &eacute; de 65% no mesmo per&iacute;odo nos pa&iacute;ses latinoamericanos. &ldquo;O Skype, por exemplo, registra que as chamadas com v&iacute;deo representam mais de 40% do total de chamadas realizadas entre usu&aacute;rios do aplicativo.&rdquo;<\/p>\n<p>Um outro estudo, do IDC, indica que o volume de informa&ccedil;&otilde;es digitais criadas e replicadas em todo o mundo atingir&aacute; 1,8 zettabytes (ou 1,8 trilh&atilde;o de gigabytes) em 2011, o que representa um aumento de nove vezes em apenas cinco anos. Em 2015, a previs&atilde;o &eacute; de que essa gigantesca cole&ccedil;&atilde;o de dados atinja 7,9 zettabytes e que um quinto dela seja armazenado ou processado na nuvem.<\/p>\n<p>Paralelamente, a PwC acredita que a infraestrutura de banda larga existente se mostra insuficiente para atender ao crescimento explosivo da demanda, que apresenta ordem de magnitude muito superior ao da expans&atilde;o das redes. E, nesse sentido, defende mudan&ccedil;as regulat&oacute;rias que incentivem a amplia&ccedil;&atilde;o da infraestrutura.<\/p>\n<p>&ldquo;Os regulamentos atuais se baseiam na realidade do mercado e da tecnologia dos anos 90, quando n&atilde;o havia o objetivo de fomentar a inova&ccedil;&atilde;o, mas sim de preencher a lacuna da demanda reprimida&rdquo;, sustenta a consultoria. E embora tenha sido produzido pelo escrit&oacute;rio brasileiro da PwC, a principal defesa &eacute; das pol&iacute;ticas adotadas na Europa.<\/p>\n<p>Isso significa a promo&ccedil;&atilde;o de participa&ccedil;&atilde;o estatal naqueles locais onde as empresas privadas n&atilde;o t&ecirc;m interesse &ndash; aquelas &ldquo;mal servidas por redes de banda larga&rdquo;. Mesmo em locais onde existe uma &uacute;nica operadora em atua&ccedil;&atilde;o, a consultoria sugere &ldquo;an&aacute;lises mais detalhadas&rdquo; antes de algum tipo de interven&ccedil;&atilde;o estatal.<\/p>\n<p>Nessa linha, tamb&eacute;m resiste ao uso de instrumentos como a desagrega&ccedil;&atilde;o de redes, ou unbundling, citando que tal pol&iacute;tica, quando adotada nos Estados Unidos, n&atilde;o teve sucesso. &ldquo;As operadoras locais sentiram-se desestimuladas a investir na moderniza&ccedil;&atilde;o de suas pr&oacute;prias redes e no desenvolvimento de novas tecnologias.&rdquo;<\/p>\n<p>Por outro lado, a PwC defende que devam ser adotadas medidas regulat&oacute;rias que promovam a gest&atilde;o eficiente do espectro e a neutralidade tecnol&oacute;gica, ou seja, que diferentes tecnologias de banda larga possam atuar na oferta de voz, v&iacute;deo e dados. No Brasil, a Anatel resiste, por exemplo, a permitir que provedores de Internet fa&ccedil;am competi&ccedil;&atilde;o &agrave;s teles no mercado de voz.<\/p>\n<p>Al&eacute;m disso, algumas pol&iacute;ticas tamb&eacute;m defendidas pela consultoria at&eacute; j&aacute; foram esbo&ccedil;adas no Brasil, mas ainda n&atilde;o se materializaram. &Eacute; o caso de atrelar a constru&ccedil;&atilde;o de dutos em obras de engenharia em geral, ou mesmo o aproveitamento de infraestruturas existentes, como as redes de g&aacute;s, para expans&atilde;o da banda larga.<\/p>\n","protected":false},"excerpt":{"rendered":"<p>Um estudo da consultoria PricewaterhouseCoopers do Brasil, divulgado nesta quarta-feira, 16\/11, sustenta que a expans&atilde;o do tr&aacute;fego de dados pela Internet ser&aacute; sensivelmente mais intenso na Am&eacute;rica Latina do que no mundo como um todo: de 2010 a 2015, a estimativa de crescimento m&eacute;dio anual global do tr&aacute;fego de dados &eacute; de 32% ao ano, &hellip; <a href=\"https:\/\/obscom.intervozes.org.br\/?p=26350\" class=\"more-link\">Continue lendo <span class=\"screen-reader-text\">Gargalo na Am\u00e9rica Latina exige interven\u00e7\u00e3o regulat\u00f3ria<\/span> <span class=\"meta-nav\">&rarr;<\/span><\/a><\/p>\n","protected":false},"author":1,"featured_media":0,"comment_status":"open","ping_status":"open","sticky":false,"template":"","format":"standard","meta":{"footnotes":""},"categories":[40],"tags":[150],"_links":{"self":[{"href":"https:\/\/obscom.intervozes.org.br\/index.php?rest_route=\/wp\/v2\/posts\/26350"}],"collection":[{"href":"https:\/\/obscom.intervozes.org.br\/index.php?rest_route=\/wp\/v2\/posts"}],"about":[{"href":"https:\/\/obscom.intervozes.org.br\/index.php?rest_route=\/wp\/v2\/types\/post"}],"author":[{"embeddable":true,"href":"https:\/\/obscom.intervozes.org.br\/index.php?rest_route=\/wp\/v2\/users\/1"}],"replies":[{"embeddable":true,"href":"https:\/\/obscom.intervozes.org.br\/index.php?rest_route=%2Fwp%2Fv2%2Fcomments&post=26350"}],"version-history":[{"count":0,"href":"https:\/\/obscom.intervozes.org.br\/index.php?rest_route=\/wp\/v2\/posts\/26350\/revisions"}],"wp:attachment":[{"href":"https:\/\/obscom.intervozes.org.br\/index.php?rest_route=%2Fwp%2Fv2%2Fmedia&parent=26350"}],"wp:term":[{"taxonomy":"category","embeddable":true,"href":"https:\/\/obscom.intervozes.org.br\/index.php?rest_route=%2Fwp%2Fv2%2Fcategories&post=26350"},{"taxonomy":"post_tag","embeddable":true,"href":"https:\/\/obscom.intervozes.org.br\/index.php?rest_route=%2Fwp%2Fv2%2Ftags&post=26350"}],"curies":[{"name":"wp","href":"https:\/\/api.w.org\/{rel}","templated":true}]}}