{"id":26346,"date":"2011-11-17T15:40:34","date_gmt":"2011-11-17T15:40:34","guid":{"rendered":"https:\/\/obscom.intervozes.org.br\/wordpress\/?p=26346"},"modified":"2011-11-17T15:40:34","modified_gmt":"2011-11-17T15:40:34","slug":"marco-regulatorio-das-comunicacoes-uma-guerra-silenciosa","status":"publish","type":"post","link":"https:\/\/obscom.intervozes.org.br\/?p=26346","title":{"rendered":"Marco Regulat\u00f3rio das Comunica\u00e7\u00f5es, uma guerra silenciosa"},"content":{"rendered":"<p><span class=\"padrao\">A demora do governo em apresentar &agrave; sociedade a proposta para um Marco Regulat&oacute;rio das Comunica&ccedil;&otilde;es tem dado cada vez mais espa&ccedil;o, aos que j&aacute; dominam todos os espa&ccedil;os, para demonizar o debate sobre a regula&ccedil;&atilde;o da m&iacute;dia com a pecha de &quot;censura&quot;.&nbsp; Aos poucos, vai ficando claro o que est&aacute; se configurando no pa&iacute;s: uma guerra, supostamente em defesa da liberdade de express&atilde;o.<\/p>\n<p>Coincid&ecirc;ncia ou n&atilde;o os ataques recentes &agrave;s novas atribui&ccedil;&otilde;es da Ancine dispostas na MP 545 s&atilde;o feitos exatamente pelos mesmos grupos formados pela Abert (Associa&ccedil;&atilde;o Brasileira de Emissoras de R&aacute;dio e Televis&atilde;o) e&nbsp; ABTA (Associa&ccedil;&atilde;o Brasileira de TV por Assinatura),&nbsp; liderados&nbsp; pela Rede Globo, que pressionaram e conseguiram, primeiro, impedir durante anos que o Conselho de Comunica&ccedil;&atilde;o Social fosse institu&iacute;do e, depois, que ele n&atilde;o funcionasse &ndash; h&aacute; cinco anos o Conselho n&atilde;o se re&uacute;ne.<\/p>\n<p>S&atilde;o os mesmos que durante muito tempo dificultaram a aprova&ccedil;&atilde;o de medidas importantes defendidas por entidades civis como o ex-PL 29, posteriormente PLC 116 e finalmente Lei 12.485\/10, respons&aacute;vel pela cria&ccedil;&atilde;o de cotas para a produ&ccedil;&atilde;o e distribui&ccedil;&atilde;o de conte&uacute;do nacional e veicula&ccedil;&atilde;o de publicidade na TV paga, entre outras determina&ccedil;&otilde;es.<\/p>\n<p>Todas essas cr&iacute;ticas, feitas pelos que praticam diariamente a censura escondendo da popula&ccedil;&atilde;o not&iacute;cias de interesse p&uacute;blico e vendendo espa&ccedil;os para interesses escusos, t&ecirc;m apenas um intuito: impedir que se fa&ccedil;a o debate sobre a regula&ccedil;&atilde;o da comunica&ccedil;&atilde;o.<\/p>\n<p>As Organiza&ccedil;&otilde;es Globo, por exemplo, chamam de &quot;contrabando&quot; na MP 545 justamente o principal item, de mudan&ccedil;as na Contribui&ccedil;&atilde;o para o Desenvolvimento da Ind&uacute;stria Cinematogr&aacute;fica Nacional (Condecine) cujo objetivo &eacute; incentivar a produ&ccedil;&atilde;o audiovisual brasileira. Uma das mudan&ccedil;as previstas &eacute; a que determina o fim da obra audiovisual estrangeira adaptada, que passa a ser enquadrada como obra publicit&aacute;ria estrangeira para o c&aacute;lculo da Condecine, e ainda estabelece que todas as obras estrangeiras dever&atilde;o ser adaptadas ao idioma portugu&ecirc;s por empresa produtora brasileira registrada na Ancine. Para se ter uma ideia, entre janeiro de 2010 e junho de 2011, 746 obras foram enquadradas como estrangeiras adaptadas e passar&atilde;o a ser consideradas somente estrangeiras a partir do ano que vem, quando a MP entra em vigor.<\/p>\n<p>Nas m&atilde;os dos coron&eacute;is da imprensa e da pol&iacute;tica, o Marco Regulat&oacute;rio das Comunica&ccedil;&otilde;es, ou qualquer outra tentativa de se regular a m&iacute;dia, como a MP 545, t&ecirc;m sido claramente desenhados como monstro regulat&oacute;rio.&nbsp; O deputado ACM Neto (BA), l&iacute;der do DEM na C&acirc;mara, j&aacute; avisou que o partido deve obstruir a vota&ccedil;&atilde;o das mudan&ccedil;as.<\/p>\n<p>N&atilde;o &eacute; preciso ir muito al&eacute;m para entender o que querem pol&iacute;ticos como ACM Neto, que repercutem com quase total verossimilhan&ccedil;a bandeiras hist&oacute;ricas de determinadas classes econ&ocirc;micas e fam&iacute;lias. &Eacute; a defesa de seus interesses pr&oacute;prios, abalados por um processo de mudan&ccedil;a nas comunica&ccedil;&otilde;es e telecomunica&ccedil;&otilde;es do pa&iacute;s liderado pela sociedade civil e fortalecido na realiza&ccedil;&atilde;o da I Confecom (Confer&ecirc;ncia Nacional de Comunica&ccedil;&atilde;o), em dezembro de 2009.<\/p>\n<p>Regras que defendem uma democratiza&ccedil;&atilde;o na comunica&ccedil;&atilde;o e o direito de express&atilde;o j&aacute; s&atilde;o realidade h&aacute; muito tempo em pa&iacute;ses considerados modelos de democracia. Na Fran&ccedil;a, por exemplo, uma das fun&ccedil;&otilde;es do Conselho Superior para o Audiovisual (CSA) &eacute; acompanhar a programa&ccedil;&atilde;o e zelar para que haja sempre uma pluralidade dos discursos presentes no audiovisual franc&ecirc;s. J&aacute; em Portugal, uma das fun&ccedil;&otilde;es da Entidade Reguladora para Comunica&ccedil;&atilde;o Social (ERC), &eacute; fazer regulamentos por meio de consultas p&uacute;blicas &agrave; sociedade e ao setor. Medidas como obrigar que 25% das can&ccedil;&otilde;es nas r&aacute;dios sejam portuguesas, s&oacute; podem ser alteradas por lei. Al&eacute;m disso, o &oacute;rg&atilde;o tamb&eacute;m presta o servi&ccedil;o de ouvidoria da imprensa, a partir de den&uacute;ncias apresentadas por meio de um formul&aacute;rio no site da entidade. Reclama&ccedil;&otilde;es que podem ser feitas por pessoas ou por meio de representa&ccedil;&otilde;es coletivas.<\/p>\n<p>A pr&oacute;pria Uni&atilde;o Europeia aprovou recentemente o estabelecimento de um limite de 12 minutos ou 20% de publicidade para cada hora de transmiss&atilde;o. Foi banida totalmente a veicula&ccedil;&atilde;o de publicidade da ind&uacute;stria do tabaco e farmac&ecirc;utica, e a da ind&uacute;stria do &aacute;lcool ficou extremamente restrita. H&aacute; ainda medidas relevantes como direito de resposta e regras de acessibilidade.<\/p>\n<p>A guerra pela liberdade de express&atilde;o est&aacute; estabelecida. Mas, ao contr&aacute;rio do que dizem os coron&eacute;is da m&iacute;dia, passa pela ado&ccedil;&atilde;o de pr&aacute;ticas de regula&ccedil;&atilde;o e o Brasil n&atilde;o pode e n&atilde;o deve mais permitir que se fuja,&nbsp; ou evite este debate.<\/p>\n<p><strong>FNDC realiza plen&aacute;ria para debater Marco Regulat&oacute;rio<\/strong><\/p>\n<p>Nos dias 9 e 10 de dezembro de 2011, em S&atilde;o Paulo, o F&oacute;rum Nacional pela Democratiza&ccedil;&atilde;o da Comunica&ccedil;&atilde;o (FNDC), realizar&aacute; semin&aacute;rio com o tema &ldquo;20 Anos, 20 Pontos &ndash; Propostas para um Marco Legal da Comunica&ccedil;&atilde;o no Brasil&rdquo;. O evento far&aacute; um balan&ccedil;o das duas d&eacute;cadas do FNDC e debater&aacute; a plataforma com as propostas lan&ccedil;adas para o Marco entregues ao ministro Paulo Bernardo, em outubro.<\/span><\/p>\n","protected":false},"excerpt":{"rendered":"<p>Nas m&atilde;os dos coron&eacute;is da imprensa e da pol&iacute;tica, o Marco Regulat&oacute;rio das  Comunica&ccedil;&otilde;es, ou qualquer outra tentativa de se regular a m&iacute;dia, como a  MP 545, t&ecirc;m sido claramente desenhados como monstro regulat&oacute;rio.<\/p>\n","protected":false},"author":1,"featured_media":0,"comment_status":"open","ping_status":"open","sticky":false,"template":"","format":"standard","meta":{"footnotes":""},"categories":[42],"tags":[456],"_links":{"self":[{"href":"https:\/\/obscom.intervozes.org.br\/index.php?rest_route=\/wp\/v2\/posts\/26346"}],"collection":[{"href":"https:\/\/obscom.intervozes.org.br\/index.php?rest_route=\/wp\/v2\/posts"}],"about":[{"href":"https:\/\/obscom.intervozes.org.br\/index.php?rest_route=\/wp\/v2\/types\/post"}],"author":[{"embeddable":true,"href":"https:\/\/obscom.intervozes.org.br\/index.php?rest_route=\/wp\/v2\/users\/1"}],"replies":[{"embeddable":true,"href":"https:\/\/obscom.intervozes.org.br\/index.php?rest_route=%2Fwp%2Fv2%2Fcomments&post=26346"}],"version-history":[{"count":0,"href":"https:\/\/obscom.intervozes.org.br\/index.php?rest_route=\/wp\/v2\/posts\/26346\/revisions"}],"wp:attachment":[{"href":"https:\/\/obscom.intervozes.org.br\/index.php?rest_route=%2Fwp%2Fv2%2Fmedia&parent=26346"}],"wp:term":[{"taxonomy":"category","embeddable":true,"href":"https:\/\/obscom.intervozes.org.br\/index.php?rest_route=%2Fwp%2Fv2%2Fcategories&post=26346"},{"taxonomy":"post_tag","embeddable":true,"href":"https:\/\/obscom.intervozes.org.br\/index.php?rest_route=%2Fwp%2Fv2%2Ftags&post=26346"}],"curies":[{"name":"wp","href":"https:\/\/api.w.org\/{rel}","templated":true}]}}