{"id":26332,"date":"2011-11-09T11:40:17","date_gmt":"2011-11-09T11:40:17","guid":{"rendered":"https:\/\/obscom.intervozes.org.br\/wordpress\/?p=26332"},"modified":"2011-11-09T11:40:17","modified_gmt":"2011-11-09T11:40:17","slug":"deputado-deve-propor-cotas-municipais-de-programacao-local-no-radio-e-na-tv","status":"publish","type":"post","link":"https:\/\/obscom.intervozes.org.br\/?p=26332","title":{"rendered":"Deputado deve propor cotas municipais de programa\u00e7\u00e3o local no r\u00e1dio e na TV"},"content":{"rendered":"<p class=\"padrao\">Relator do projeto (PL <a href=\"http:\/\/www2.camara.gov.br\/agencia\/noticias\/NAO-INFORMADO\/21483-SEM-CULTURA-LOCAL,-EMISSORAS-PODEM-SER-MULTADAS.html\" target=\"_blank\">7075\/02<\/a>,  do Senado) que determina uma cota &uacute;nica de 30% de programa&ccedil;&atilde;o local e  regional nas emissoras de r&aacute;dio e televis&atilde;o, o deputado Pinto Itamaraty  (PSDB-MA) pretende sugerir mudan&ccedil;as. Ele j&aacute; havia recomendado a  aprova&ccedil;&atilde;o da proposta, mas decidiu modificar seu parecer depois da  audi&ecirc;ncia p&uacute;blica que discutiu o tema na Comiss&atilde;o de Educa&ccedil;&atilde;o e Cultura,  nesta ter&ccedil;a-feira (8). Itamaraty disse que deve propor cotas vari&aacute;veis  &agrave;s emissoras, conforme a popula&ccedil;&atilde;o ou o tamanho dos munic&iacute;pios.<\/p>\n<p>Para o representante da Associa&ccedil;&atilde;o Brasileira de Emissoras de R&aacute;dio e  Televis&atilde;o (Abert), Paulo Tonet Camargo, a cota &uacute;nica de 30% &eacute; invi&aacute;vel.  &quot;Primeiro, porque contempla r&aacute;dio e TV da mesma maneira. Segundo, ela &eacute;  imposta para todas as pra&ccedil;as, em todas as regi&otilde;es &ndash; em se tratando de  radiodifus&atilde;o comercial, os mercados em cada canto do Pa&iacute;s s&atilde;o muito  d&iacute;spares. Ent&atilde;o, precisamos adaptar as cotas e os percentuais, para que  sejam compat&iacute;veis com cada local do Brasil, para que seja poss&iacute;vel  sustentar essa produ&ccedil;&atilde;o local e regional&quot;, argumentou.<strong><\/p>\n<p>Novo marco legal<\/strong><\/p>\n<p>O diretor do Departamento de Outorga e Servi&ccedil;os do Minist&eacute;rio das  Comunica&ccedil;&otilde;es, Demerval da Silva Junior, concordou que a cota exigida  deve levar em conta as diferen&ccedil;as regionais. Ele afirmou que o  minist&eacute;rio apresentar&aacute; uma proposta semelhante no novo marco legal para o  setor de comunica&ccedil;&atilde;o, que ir&aacute; &agrave; consulta p&uacute;blica em breve. &quot;H&aacute;  realidades diferentes para cidades menores e cidades maiores. Dessa  forma, a modula&ccedil;&atilde;o por popula&ccedil;&atilde;o, por tamanho do munic&iacute;pio &eacute; importante.  Al&eacute;m disso, &eacute; preciso escalonar o tempo exigido de programa&ccedil;&atilde;o local e  regional: n&atilde;o d&aacute; para sair de 8% [da grade ocupada por essas atra&ccedil;&otilde;es],  que &eacute; a realidade atual, para 20% ou 30%, de uma hora para outra&rdquo;,  afirmou.<\/p>\n<p>Atualmente, os editais de licita&ccedil;&atilde;o do Minist&eacute;rio das Comunica&ccedil;&otilde;es  exigem o cumprimento de, no m&iacute;nimo, 5% de programa&ccedil;&atilde;o local e, no  m&aacute;ximo, 8%, em qualquer hor&aacute;rio da grade. J&aacute; o projeto em discuss&atilde;o na  C&acirc;mara determina 30% de programa&ccedil;&atilde;o local nos seguintes hor&aacute;rios: das 6  horas &agrave;s 18 horas, no r&aacute;dio; e das 18 horas &agrave;s 22 horas, na TV<strong>.<\/p>\n<p>Financiamento<\/strong><\/p>\n<p>No debate, a representante da Associa&ccedil;&atilde;o Brasileira de Radiodifusores  (Abra), Helo&iacute;sa Almeida, defendeu que, antes de se discutir cotas de  programa&ccedil;&atilde;o local e regional, &eacute; preciso prever o financiamento dessas  produ&ccedil;&otilde;es. &ldquo;Para atender a diversidade, deve haver fomento p&uacute;blico. Do  contr&aacute;rio, essa imposi&ccedil;&atilde;o [das cotas] dificilmente poder&aacute; ser cumprida&quot;,  declarou.<\/p>\n<p>Segundo o coordenador do Intervozes &#8211; Coletivo Brasil de Comunica&ccedil;&atilde;o  Social, G&eacute;sio Passos, no entanto, o incentivo financeiro &agrave;s produ&ccedil;&otilde;es  locais deve ficar restrito ao sistema p&uacute;blico de comunica&ccedil;&atilde;o, Ele  defendeu que as emissoras privadas, ao obterem a concess&atilde;o do servi&ccedil;o de  radiodifus&atilde;o, precisam comprovar que t&ecirc;m condi&ccedil;&otilde;es econ&ocirc;micas de  explor&aacute;-lo.<\/p>\n<p>No caso de um mercado que n&atilde;o comporte o custeio da produ&ccedil;&atilde;o  regional, G&eacute;sio sugeriu que sejam instaladas retransmissoras. &quot;A  regionaliza&ccedil;&atilde;o da programa&ccedil;&atilde;o &eacute; uma exig&ecirc;ncia constitucional. Se a  concess&atilde;o &eacute; de geradora, deve haver veicula&ccedil;&atilde;o de programa&ccedil;&atilde;o local e  n&atilde;o apenas a inser&ccedil;&atilde;o de publicidade, como ocorre hoje&quot;, disse.<strong><\/p>\n<p>Internet<\/strong><\/p>\n<p>Paulo Camargo, da Abert, destacou ainda a necessidade de isonomia na  regula&ccedil;&atilde;o das atividades empresariais. &quot;N&atilde;o podemos impor essas  obriga&ccedil;&otilde;es [cotas destinadas a atra&ccedil;&otilde;es locais e regionais] &agrave;s emissoras  de r&aacute;dio e TV e esquecer a internet&quot;, declarou. Ele lembrou que a web  j&aacute; ultrapassou o r&aacute;dio em faturamento.<\/p>\n<p><strong>&Iacute;ntegra da proposta:<\/p>\n<p> \t\t<\/strong><\/p>\n<div id=\"proposicao\">\n<ul>\n<li><a href=\"http:\/\/www.camara.gov.br\/internet\/sileg\/Prop_Detalhe.asp?id=61611\">PL-7075\/2002<\/a><\/li>\n<\/ul><\/div>\n<p><span class=\"padrao\"> \t \t<br \/>Reportagem &ndash; Georgia Moraes\/R&aacute;dio C&acirc;mara  <br \/>Edi&ccedil;&atilde;o &ndash; Marcelo Oliveira<\/span> \t \t<span class=\"padrao\"><br \/><\/span><\/p>\n","protected":false},"excerpt":{"rendered":"<p>Relator do projeto (PL 7075\/02, do Senado) que determina uma cota &uacute;nica de 30% de programa&ccedil;&atilde;o local e regional nas emissoras de r&aacute;dio e televis&atilde;o, o deputado Pinto Itamaraty (PSDB-MA) pretende sugerir mudan&ccedil;as. Ele j&aacute; havia recomendado a aprova&ccedil;&atilde;o da proposta, mas decidiu modificar seu parecer depois da audi&ecirc;ncia p&uacute;blica que discutiu o tema na &hellip; <a href=\"https:\/\/obscom.intervozes.org.br\/?p=26332\" class=\"more-link\">Continue lendo <span class=\"screen-reader-text\">Deputado deve propor cotas municipais de programa\u00e7\u00e3o local no r\u00e1dio e na TV<\/span> <span class=\"meta-nav\">&rarr;<\/span><\/a><\/p>\n","protected":false},"author":1,"featured_media":0,"comment_status":"open","ping_status":"open","sticky":false,"template":"","format":"standard","meta":{"footnotes":""},"categories":[40],"tags":[366],"_links":{"self":[{"href":"https:\/\/obscom.intervozes.org.br\/index.php?rest_route=\/wp\/v2\/posts\/26332"}],"collection":[{"href":"https:\/\/obscom.intervozes.org.br\/index.php?rest_route=\/wp\/v2\/posts"}],"about":[{"href":"https:\/\/obscom.intervozes.org.br\/index.php?rest_route=\/wp\/v2\/types\/post"}],"author":[{"embeddable":true,"href":"https:\/\/obscom.intervozes.org.br\/index.php?rest_route=\/wp\/v2\/users\/1"}],"replies":[{"embeddable":true,"href":"https:\/\/obscom.intervozes.org.br\/index.php?rest_route=%2Fwp%2Fv2%2Fcomments&post=26332"}],"version-history":[{"count":0,"href":"https:\/\/obscom.intervozes.org.br\/index.php?rest_route=\/wp\/v2\/posts\/26332\/revisions"}],"wp:attachment":[{"href":"https:\/\/obscom.intervozes.org.br\/index.php?rest_route=%2Fwp%2Fv2%2Fmedia&parent=26332"}],"wp:term":[{"taxonomy":"category","embeddable":true,"href":"https:\/\/obscom.intervozes.org.br\/index.php?rest_route=%2Fwp%2Fv2%2Fcategories&post=26332"},{"taxonomy":"post_tag","embeddable":true,"href":"https:\/\/obscom.intervozes.org.br\/index.php?rest_route=%2Fwp%2Fv2%2Ftags&post=26332"}],"curies":[{"name":"wp","href":"https:\/\/api.w.org\/{rel}","templated":true}]}}