{"id":26315,"date":"2011-10-28T15:51:12","date_gmt":"2011-10-28T15:51:12","guid":{"rendered":"https:\/\/obscom.intervozes.org.br\/wordpress\/?p=26315"},"modified":"2011-10-28T15:51:12","modified_gmt":"2011-10-28T15:51:12","slug":"cpi-do-ecad-ouve-queixas-de-musicos-em-audiencia-publica-em-salvador","status":"publish","type":"post","link":"https:\/\/obscom.intervozes.org.br\/?p=26315","title":{"rendered":"CPI do Ecad ouve queixas de m\u00fasicos em audi\u00eancia p\u00fablica em Salvador"},"content":{"rendered":"<p><span class=\"padrao\">Em audi&ecirc;ncia da Comiss&atilde;o Parlamentar de Inqu&eacute;rito (CPI) destinada a investigar den&uacute;ncias de irregularidades no Escrit&oacute;rio Central de Arrecada&ccedil;&atilde;o e Distribui&ccedil;&atilde;o (Ecad), realizada na Assembleia Legislativa do Estado da Bahia nesta quinta-feira (27), compositores criticaram os procedimentos do Ecad, mas sem chegar a um consenso sobre o papel da entidade arrecadadora. A audi&ecirc;ncia foi presidida pelo presidente da CPI, senador Randolfe Rodrigues (PSOL-AP).<\/p>\n<p>Os compositores ouvidos mencionaram m&uacute;sicas amplamente divulgadas que, em seus c&aacute;lculos, n&atilde;o arrecadaram o esperado. O poeta e m&uacute;sico Jos&eacute; Carlos Capinan e o cantor Durval Lelys, da banda Asa de &Aacute;guia, foram alguns dos artistas que criticaram os procedimentos do Ecad.<\/p>\n<p>Segundo o representante do Ecad na Bahia, Gabriel Valois, o escrit&oacute;rio respons&aacute;vel pela arrecada&ccedil;&atilde;o naquele estado, em Sergipe, Alagoas e regi&atilde;o de Petrolina (PE) teria recolhido R$ 15,5 milh&otilde;es at&eacute; setembro deste ano. No entanto, ele n&atilde;o soube informar quanto foi distribu&iacute;do em direitos autorais em sua regi&atilde;o nesse per&iacute;odo, j&aacute; que os recursos seriam centralizados no Rio de Janeiro.<\/p>\n<p>O secret&aacute;rio de Cultura da Bahia, Albino Rubim, criticou o &quot;monop&oacute;lio privado&quot; do Ecad, que considerou incompat&iacute;vel com a democracia.<\/p>\n<p>Por sua vez, Randolfe Rodrigues declarou que a audi&ecirc;ncia em Salvador mostrou que &eacute; preciso fazer altera&ccedil;&otilde;es na arrecada&ccedil;&atilde;o de direitos, al&eacute;m de aumentar a fiscaliza&ccedil;&atilde;o.<\/p>\n<p>&#8211; Reafirmamos nossa convic&ccedil;&atilde;o da necessidade de mudan&ccedil;a na lei de direito autoral e na regionaliza&ccedil;&atilde;o do Ecad. O que for arrecadado deve ficar na pr&oacute;pria regi&atilde;o &#8211; disse o senador.<\/p>\n<p>A senadora L&iacute;dice da Mata (PSB-BA), que participou da audi&ecirc;ncia como relatora, tamb&eacute;m defendeu o aumento da transpar&ecirc;ncia das opera&ccedil;&otilde;es do Ecad.<\/p>\n<p>Em 16 de novembro a Comiss&atilde;o Parlamentar de Inqu&eacute;rito far&aacute; audi&ecirc;ncia na Assembleia Legislativa do Estado de Santa Catarina.<\/span><\/p>\n","protected":false},"excerpt":{"rendered":"<p>Em audi&ecirc;ncia da Comiss&atilde;o Parlamentar de Inqu&eacute;rito (CPI) destinada a investigar den&uacute;ncias de irregularidades no Escrit&oacute;rio Central de Arrecada&ccedil;&atilde;o e Distribui&ccedil;&atilde;o (Ecad), realizada na Assembleia Legislativa do Estado da Bahia nesta quinta-feira (27), compositores criticaram os procedimentos do Ecad, mas sem chegar a um consenso sobre o papel da entidade arrecadadora. A audi&ecirc;ncia foi presidida &hellip; <a href=\"https:\/\/obscom.intervozes.org.br\/?p=26315\" class=\"more-link\">Continue lendo <span class=\"screen-reader-text\">CPI do Ecad ouve queixas de m\u00fasicos em audi\u00eancia p\u00fablica em Salvador<\/span> <span class=\"meta-nav\">&rarr;<\/span><\/a><\/p>\n","protected":false},"author":1,"featured_media":0,"comment_status":"open","ping_status":"open","sticky":false,"template":"","format":"standard","meta":{"footnotes":""},"categories":[40],"tags":[895],"_links":{"self":[{"href":"https:\/\/obscom.intervozes.org.br\/index.php?rest_route=\/wp\/v2\/posts\/26315"}],"collection":[{"href":"https:\/\/obscom.intervozes.org.br\/index.php?rest_route=\/wp\/v2\/posts"}],"about":[{"href":"https:\/\/obscom.intervozes.org.br\/index.php?rest_route=\/wp\/v2\/types\/post"}],"author":[{"embeddable":true,"href":"https:\/\/obscom.intervozes.org.br\/index.php?rest_route=\/wp\/v2\/users\/1"}],"replies":[{"embeddable":true,"href":"https:\/\/obscom.intervozes.org.br\/index.php?rest_route=%2Fwp%2Fv2%2Fcomments&post=26315"}],"version-history":[{"count":0,"href":"https:\/\/obscom.intervozes.org.br\/index.php?rest_route=\/wp\/v2\/posts\/26315\/revisions"}],"wp:attachment":[{"href":"https:\/\/obscom.intervozes.org.br\/index.php?rest_route=%2Fwp%2Fv2%2Fmedia&parent=26315"}],"wp:term":[{"taxonomy":"category","embeddable":true,"href":"https:\/\/obscom.intervozes.org.br\/index.php?rest_route=%2Fwp%2Fv2%2Fcategories&post=26315"},{"taxonomy":"post_tag","embeddable":true,"href":"https:\/\/obscom.intervozes.org.br\/index.php?rest_route=%2Fwp%2Fv2%2Ftags&post=26315"}],"curies":[{"name":"wp","href":"https:\/\/api.w.org\/{rel}","templated":true}]}}