{"id":26313,"date":"2011-10-28T15:47:14","date_gmt":"2011-10-28T15:47:14","guid":{"rendered":"https:\/\/obscom.intervozes.org.br\/wordpress\/?p=26313"},"modified":"2011-10-28T15:47:14","modified_gmt":"2011-10-28T15:47:14","slug":"nao-significa-que-o-wikileaks-vai-acabar-diz-natalia-viana-colaboradora-da-organizacao","status":"publish","type":"post","link":"https:\/\/obscom.intervozes.org.br\/?p=26313","title":{"rendered":"&#8216;N\u00e3o significa que o WikiLeaks vai acabar&#8217;, diz Natalia Viana, colaboradora da organiza\u00e7\u00e3o"},"content":{"rendered":"<p><span class=\"padrao\"><strong>Ana Ignacio &#8211; Portal Imprensa<\/strong><\/p>\n<p>Na &uacute;ltima segunda-feira (24), o WikiLeaks informou que interrompeu a publica&ccedil;&atilde;o de documentos confidenciais por conta do bloqueio financeiro que sofre h&aacute; quase um ano.<\/p>\n<p>A organiza&ccedil;&atilde;o n&atilde;o-governamental divulgou um v&iacute;deo em que o co-fundador, Julian Assange, pede a colabora&ccedil;&atilde;o mundial para reverter esse quadro. Em dezembro de 2010, empresas como Visa e MasterCard congelaram as doa&ccedil;&otilde;es ao grupo.<\/p>\n<p>Ao Portal IMPRENSA, Natalia Viana, colaboradora da organiza&ccedil;&atilde;o no Brasil, explicou que a decis&atilde;o de parar temporariamente com a publica&ccedil;&atilde;o de documentos j&aacute; era discutida h&aacute; algum tempo. &quot;Decidiram suspender a publica&ccedil;&atilde;o de documentos porque toda a equipe vai se focar agora contra o bloqueio, um bloqueio ileg&iacute;timo e ilegal. As empresas impedem a doa&ccedil;&atilde;o de recursos e n&atilde;o t&ecirc;m base legal para isso&quot;, disse.<\/p>\n<p>N&atilde;o h&aacute; previs&atilde;o de retorno do trabalho com os documentos, mas Natalia acredita que a campanha &eacute; oportuna. &quot;Essa campanha &eacute; interessante. Acho apropriado e n&atilde;o significa que o WikiLeaks vai acabar. Mas, nesse momento, essa &eacute; a batalha que tem que ser travada&quot;.<\/span><\/p>\n","protected":false},"excerpt":{"rendered":"<p>Ana Ignacio &#8211; Portal Imprensa Na &uacute;ltima segunda-feira (24), o WikiLeaks informou que interrompeu a publica&ccedil;&atilde;o de documentos confidenciais por conta do bloqueio financeiro que sofre h&aacute; quase um ano. A organiza&ccedil;&atilde;o n&atilde;o-governamental divulgou um v&iacute;deo em que o co-fundador, Julian Assange, pede a colabora&ccedil;&atilde;o mundial para reverter esse quadro. Em dezembro de 2010, empresas &hellip; <a href=\"https:\/\/obscom.intervozes.org.br\/?p=26313\" class=\"more-link\">Continue lendo <span class=\"screen-reader-text\">&#8216;N\u00e3o significa que o WikiLeaks vai acabar&#8217;, diz Natalia Viana, colaboradora da organiza\u00e7\u00e3o<\/span> <span class=\"meta-nav\">&rarr;<\/span><\/a><\/p>\n","protected":false},"author":1,"featured_media":0,"comment_status":"open","ping_status":"open","sticky":false,"template":"","format":"standard","meta":{"footnotes":""},"categories":[39],"tags":[],"_links":{"self":[{"href":"https:\/\/obscom.intervozes.org.br\/index.php?rest_route=\/wp\/v2\/posts\/26313"}],"collection":[{"href":"https:\/\/obscom.intervozes.org.br\/index.php?rest_route=\/wp\/v2\/posts"}],"about":[{"href":"https:\/\/obscom.intervozes.org.br\/index.php?rest_route=\/wp\/v2\/types\/post"}],"author":[{"embeddable":true,"href":"https:\/\/obscom.intervozes.org.br\/index.php?rest_route=\/wp\/v2\/users\/1"}],"replies":[{"embeddable":true,"href":"https:\/\/obscom.intervozes.org.br\/index.php?rest_route=%2Fwp%2Fv2%2Fcomments&post=26313"}],"version-history":[{"count":0,"href":"https:\/\/obscom.intervozes.org.br\/index.php?rest_route=\/wp\/v2\/posts\/26313\/revisions"}],"wp:attachment":[{"href":"https:\/\/obscom.intervozes.org.br\/index.php?rest_route=%2Fwp%2Fv2%2Fmedia&parent=26313"}],"wp:term":[{"taxonomy":"category","embeddable":true,"href":"https:\/\/obscom.intervozes.org.br\/index.php?rest_route=%2Fwp%2Fv2%2Fcategories&post=26313"},{"taxonomy":"post_tag","embeddable":true,"href":"https:\/\/obscom.intervozes.org.br\/index.php?rest_route=%2Fwp%2Fv2%2Ftags&post=26313"}],"curies":[{"name":"wp","href":"https:\/\/api.w.org\/{rel}","templated":true}]}}