{"id":26306,"date":"2011-10-27T16:39:52","date_gmt":"2011-10-27T16:39:52","guid":{"rendered":"https:\/\/obscom.intervozes.org.br\/wordpress\/?p=26306"},"modified":"2011-10-27T16:39:52","modified_gmt":"2011-10-27T16:39:52","slug":"data-para-instalacao-do-conselho-de-comunicacao-social-segue-indefinida","status":"publish","type":"post","link":"https:\/\/obscom.intervozes.org.br\/?p=26306","title":{"rendered":"Data para instala\u00e7\u00e3o do Conselho de Comunica\u00e7\u00e3o Social segue indefinida"},"content":{"rendered":"<p><span class=\"padrao\">Da reda&ccedil;&atilde;o<br \/><\/span><\/p>\n<p style=\"margin-bottom: 0cm\">&nbsp;<\/p>\n<p style=\"margin-bottom: 0cm\"><span class=\"padrao\">Presentes ao evento de balan&ccedil;o dos quatro anos da Empresa Brasil de Comunica&ccedil;&atilde;o (EBC), realizado em 27 de outubro, os presidentes da C&acirc;mara dos Deputados, Marco Maia, e do Senado Federal, Jo&#347;e Sarney, apresentaram opini&otilde;es diferentes sobre as perspectivas de instala&ccedil;&atilde;o do Conselho de Comunica&ccedil;&atilde;o Social do Senado. Sarney afirmou que em poucos dias o tema deve entrar na pauta de vota&ccedil;&atilde;o. &ldquo;A composi&ccedil;&atilde;o do Conselho est&aacute; pronta e j&aacute; foram realizadas indica&ccedil;&otilde;es pelo presidente da C&acirc;mara e pelas diversas organiza&ccedil;&otilde;es de classe&quot;, revelou. Maia acredita que h&aacute; grandes condi&ccedil;&otilde;es de ser votada a composi&ccedil;&atilde;o do Conselho, mas que ainda &eacute; preciso um acordo pol&iacute;tico para que a vota&ccedil;&atilde;o ainda ocorra este ano. Segundo o deputado &quot;j&aacute; h&aacute; alguns nomes indicados que talvez passem por reformula&ccedil;&otilde;es&quot;.<\/span> <\/p>\n<p style=\"margin-bottom: 0cm\">&nbsp;<\/p>\n<p style=\"margin-bottom: 0cm\">&nbsp;<\/p>\n","protected":false},"excerpt":{"rendered":"<p>Da reda&ccedil;&atilde;o &nbsp; Presentes ao evento de balan&ccedil;o dos quatro anos da Empresa Brasil de Comunica&ccedil;&atilde;o (EBC), realizado em 27 de outubro, os presidentes da C&acirc;mara dos Deputados, Marco Maia, e do Senado Federal, Jo&#347;e Sarney, apresentaram opini&otilde;es diferentes sobre as perspectivas de instala&ccedil;&atilde;o do Conselho de Comunica&ccedil;&atilde;o Social do Senado. Sarney afirmou que em &hellip; <a href=\"https:\/\/obscom.intervozes.org.br\/?p=26306\" class=\"more-link\">Continue lendo <span class=\"screen-reader-text\">Data para instala\u00e7\u00e3o do Conselho de Comunica\u00e7\u00e3o Social segue indefinida<\/span> <span class=\"meta-nav\">&rarr;<\/span><\/a><\/p>\n","protected":false},"author":1,"featured_media":0,"comment_status":"open","ping_status":"open","sticky":false,"template":"","format":"standard","meta":{"footnotes":""},"categories":[39],"tags":[],"_links":{"self":[{"href":"https:\/\/obscom.intervozes.org.br\/index.php?rest_route=\/wp\/v2\/posts\/26306"}],"collection":[{"href":"https:\/\/obscom.intervozes.org.br\/index.php?rest_route=\/wp\/v2\/posts"}],"about":[{"href":"https:\/\/obscom.intervozes.org.br\/index.php?rest_route=\/wp\/v2\/types\/post"}],"author":[{"embeddable":true,"href":"https:\/\/obscom.intervozes.org.br\/index.php?rest_route=\/wp\/v2\/users\/1"}],"replies":[{"embeddable":true,"href":"https:\/\/obscom.intervozes.org.br\/index.php?rest_route=%2Fwp%2Fv2%2Fcomments&post=26306"}],"version-history":[{"count":0,"href":"https:\/\/obscom.intervozes.org.br\/index.php?rest_route=\/wp\/v2\/posts\/26306\/revisions"}],"wp:attachment":[{"href":"https:\/\/obscom.intervozes.org.br\/index.php?rest_route=%2Fwp%2Fv2%2Fmedia&parent=26306"}],"wp:term":[{"taxonomy":"category","embeddable":true,"href":"https:\/\/obscom.intervozes.org.br\/index.php?rest_route=%2Fwp%2Fv2%2Fcategories&post=26306"},{"taxonomy":"post_tag","embeddable":true,"href":"https:\/\/obscom.intervozes.org.br\/index.php?rest_route=%2Fwp%2Fv2%2Ftags&post=26306"}],"curies":[{"name":"wp","href":"https:\/\/api.w.org\/{rel}","templated":true}]}}