{"id":26305,"date":"2011-10-26T16:59:45","date_gmt":"2011-10-26T16:59:45","guid":{"rendered":"https:\/\/obscom.intervozes.org.br\/wordpress\/?p=26305"},"modified":"2011-10-26T16:59:45","modified_gmt":"2011-10-26T16:59:45","slug":"comissao-discute-denuncia-de-superfaturamento-em-licitacao-da-telebras","status":"publish","type":"post","link":"https:\/\/obscom.intervozes.org.br\/?p=26305","title":{"rendered":"Comiss\u00e3o discute den\u00fancia de superfaturamento em licita\u00e7\u00e3o da Telebr\u00e1s"},"content":{"rendered":"<p><span class=\"padrao\"><strong>Reda&ccedil;&atilde;o &#8211; Ag&ecirc;ncia C&acirc;mara<\/strong><\/p>\n<p>A Comiss&atilde;o de Fiscaliza&ccedil;&atilde;o Financeira e Controle realiza hoje audi&ecirc;ncia p&uacute;blica para obter esclarecimentos sobre den&uacute;ncia de superfaturamento de R$ 43 milh&otilde;es em licita&ccedil;&atilde;o feita pela Telebr&aacute;s para aquisi&ccedil;&atilde;o de equipamentos e sistemas de fibras &oacute;pticas de contratos do Programa Nacional de Banda Larga (PNBL). Ser&aacute; ouvido o ministro das Comunica&ccedil;&otilde;es, Paulo Bernardo. Ele tamb&eacute;m deve falar sobre as den&uacute;ncias de irregularidades em obras rodovi&aacute;rias e ferrovi&aacute;rias na &eacute;poca em que era ministro do Planejamento.<\/p>\n<p>O debate foi proposto pelo deputado Vanderlei Macris (PSDB-SP). Ele cita reportagem publicada pelo jornal O Estado de S.Paulo segundo a qual o Tribunal de Contas da Uni&atilde;o (TCU) confirmou a den&uacute;ncia. &quot;Surpreendentemente, o TCU n&atilde;o puniu a Telebr&aacute;s. Determinou apenas que a empresa renegocie os valores contratados, de modo a adequ&aacute;-los aos pre&ccedil;os de mercado&rdquo;, diz o jornal.<\/p>\n<p>A reportagem diz tamb&eacute;m que o sobrepre&ccedil;o real apurado pelos auditores foi de R$ 121 milh&otilde;es, mas que o ac&oacute;rd&atilde;o do TCU cita apenas R$ 43 milh&otilde;es.<\/p>\n<p>&ldquo;Os fatos apontados pelo jornal e confirmados pelo TCU demonstram risco iminente de preju&iacute;zo aos cofres p&uacute;blicos e ao pr&oacute;prio PNBL, programa que prev&ecirc; a expans&atilde;o e barateamento ao acesso &agrave; internet em banda larga em todo o Pa&iacute;s. Somente para 2010, estava prevista a inaugura&ccedil;&atilde;o de pontos de acesso &agrave; rede nacional de banda larga em 100 munic&iacute;pios no Pa&iacute;s, mas at&eacute; agora nenhum foi entregue&rdquo;, afirma o deputado.<\/p>\n<p>A reuni&atilde;o ser&aacute; realizada &agrave;s 9h30, no Plen&aacute;rio 9.<\/span><\/p>\n<p>&nbsp;<\/p>\n","protected":false},"excerpt":{"rendered":"<p>Reda&ccedil;&atilde;o &#8211; Ag&ecirc;ncia C&acirc;mara A Comiss&atilde;o de Fiscaliza&ccedil;&atilde;o Financeira e Controle realiza hoje audi&ecirc;ncia p&uacute;blica para obter esclarecimentos sobre den&uacute;ncia de superfaturamento de R$ 43 milh&otilde;es em licita&ccedil;&atilde;o feita pela Telebr&aacute;s para aquisi&ccedil;&atilde;o de equipamentos e sistemas de fibras &oacute;pticas de contratos do Programa Nacional de Banda Larga (PNBL). Ser&aacute; ouvido o ministro das Comunica&ccedil;&otilde;es, &hellip; <a href=\"https:\/\/obscom.intervozes.org.br\/?p=26305\" class=\"more-link\">Continue lendo <span class=\"screen-reader-text\">Comiss\u00e3o discute den\u00fancia de superfaturamento em licita\u00e7\u00e3o da Telebr\u00e1s<\/span> <span class=\"meta-nav\">&rarr;<\/span><\/a><\/p>\n","protected":false},"author":1,"featured_media":0,"comment_status":"open","ping_status":"open","sticky":false,"template":"","format":"standard","meta":{"footnotes":""},"categories":[39],"tags":[],"_links":{"self":[{"href":"https:\/\/obscom.intervozes.org.br\/index.php?rest_route=\/wp\/v2\/posts\/26305"}],"collection":[{"href":"https:\/\/obscom.intervozes.org.br\/index.php?rest_route=\/wp\/v2\/posts"}],"about":[{"href":"https:\/\/obscom.intervozes.org.br\/index.php?rest_route=\/wp\/v2\/types\/post"}],"author":[{"embeddable":true,"href":"https:\/\/obscom.intervozes.org.br\/index.php?rest_route=\/wp\/v2\/users\/1"}],"replies":[{"embeddable":true,"href":"https:\/\/obscom.intervozes.org.br\/index.php?rest_route=%2Fwp%2Fv2%2Fcomments&post=26305"}],"version-history":[{"count":0,"href":"https:\/\/obscom.intervozes.org.br\/index.php?rest_route=\/wp\/v2\/posts\/26305\/revisions"}],"wp:attachment":[{"href":"https:\/\/obscom.intervozes.org.br\/index.php?rest_route=%2Fwp%2Fv2%2Fmedia&parent=26305"}],"wp:term":[{"taxonomy":"category","embeddable":true,"href":"https:\/\/obscom.intervozes.org.br\/index.php?rest_route=%2Fwp%2Fv2%2Fcategories&post=26305"},{"taxonomy":"post_tag","embeddable":true,"href":"https:\/\/obscom.intervozes.org.br\/index.php?rest_route=%2Fwp%2Fv2%2Ftags&post=26305"}],"curies":[{"name":"wp","href":"https:\/\/api.w.org\/{rel}","templated":true}]}}